{"id":145262,"date":"2022-04-11T15:18:03","date_gmt":"2022-04-11T19:18:03","guid":{"rendered":"https:\/\/linitiative.ca\/International\/mali-lue-met-fin-a-ses-formations-militaires\/"},"modified":"2022-04-11T15:18:03","modified_gmt":"2022-04-11T19:18:03","slug":"mali-lue-met-fin-a-ses-formations-militaires","status":"publish","type":"post","link":"https:\/\/linitiative.ca\/International\/mali-lue-met-fin-a-ses-formations-militaires\/","title":{"rendered":"Mali : l\u2019UE met fin \u00e0 ses formations militaires"},"content":{"rendered":"<div>\n<p><img decoding=\"async\" width=\"225\" height=\"225\" src=\"https:\/\/linitiative.ca\/International\/wp-content\/uploads\/sites\/23\/2022\/04\/16497046845423.jpg\" class=\"attachment-post-thumbnail size-post-thumbnail wp-post-image\" alt=\"\" loading=\"lazy\" srcset=\"https:\/\/linitiative.ca\/International\/wp-content\/uploads\/sites\/23\/2022\/04\/16497046845423.jpg 225w, https:\/\/www.journalducameroun.com\/wp-content\/uploads\/2022\/04\/16497046845423-150x150.jpg 150w, https:\/\/www.journalducameroun.com\/wp-content\/uploads\/2022\/04\/16497046845423-60x60.jpg 60w, https:\/\/www.journalducameroun.com\/wp-content\/uploads\/2022\/04\/16497046845423-100x100.jpg 100w\" sizes=\"auto, (max-width: 225px) 100vw, 225px\"><\/p>\n<p>La d\u00e9cision a \u00e9t\u00e9 prise ce lundi au terme d&rsquo;une r\u00e9union des ministres des Affaires \u00e9trang\u00e8res de l&rsquo;Union Europ\u00e9enne (UE).Clap de fin pour la Mission de formation de l&rsquo;Union Europ\u00e9enne au Mali (EUTM). \u00ab On arr\u00eate les missions de formation et les entra\u00eenements des forces arm\u00e9es et de la garde nationale, mais nous allons poursuivre les formations sur les lois de la guerre. Car il faut que les militaires sachent qu&rsquo;il y a des r\u00e8gles \u00e0 respecter dans une guerre\u00a0\u00bb, a d\u00e9clar\u00e9\u00a0Josep Borrell, le chef de la diplomatie europ\u00e9enne.<\/p>\n<p>S&rsquo;exprimant au Luxembourg, l&rsquo;Espagnol justifie la ligne directrice de l&rsquo;UE au Mali\u00a0: \u00ab Les \u00e9v\u00e8nements nous forcent \u00e0 cette d\u00e9cision. Nous n&rsquo;avons pas obtenu les garanties demand\u00e9es. Toutefois, nous n&rsquo;abandonnons pas le Sahel. Nous allons nous d\u00e9ployer dans les pays voisins\u00a0\u00bb.<\/p>\n<p>L&rsquo;Union Europ\u00e9enne ne dig\u00e8re pas la pr\u00e9sence\u00a0de mercenaires du groupe russe Wagner au Mali. R\u00e9cemment, elle a demand\u00e9 l&rsquo;ouverture d&rsquo;une enqu\u00eate ind\u00e9pendante sur les \u00e9v\u00e9nements qui se sont produits \u00e0 Moura, dans le Centre du Mali, entre le 27 et le 31 mars, o\u00f9 l&rsquo;arm\u00e9e malienne et ses alli\u00e9s disent avoir tu\u00e9 203 jihadistes. Selon plusieurs organisations de d\u00e9fense des droits de l&rsquo;Homme, il s&rsquo;agit plut\u00f4t d&rsquo;un massacre de civils.<\/p>\n<p>Cet article <a rel=\"nofollow\" href=\"https:\/\/www.journalducameroun.com\/mali-lue-met-fin-a-ses-formations-militaires\/\">Mali : l\u2019UE met fin \u00e0 ses formations militaires<\/a> est apparu en premier sur <a rel=\"nofollow\" href=\"https:\/\/www.journalducameroun.com\/\">Journal du Cameroun<\/a>.<\/p>\n<\/div>\n<p>Auteur: APA News<br \/>\n<a href=\"https:\/\/www.journalducameroun.com\/mali-lue-met-fin-a-ses-formations-militaires\/\">Cliquez ici pour lire l&rsquo;article depuis sa source.<\/a><\/p>\n","protected":false},"excerpt":{"rendered":"<p>La d\u00e9cision a \u00e9t\u00e9 prise ce lundi au terme d&rsquo;une r\u00e9union des ministres des Affaires \u00e9trang\u00e8res de l&rsquo;Union Europ\u00e9enne (UE).Clap de fin pour la Mission de formation de l&rsquo;Union Europ\u00e9enne au Mali (EUTM). \u00ab On arr\u00eate les missions de formation et les entra\u00eenements des forces arm\u00e9es et de la garde nationale, mais nous allons poursuivre [&hellip;]<\/p>\n","protected":false},"author":1965,"featured_media":0,"comment_status":"closed","ping_status":"closed","sticky":false,"template":"","format":"standard","meta":{"fifu_image_url":"https:\/\/www.journalducameroun.com\/wp-content\/uploads\/2022\/04\/16497046845423.jpg","fifu_image_alt":"Mali : l\u2019UE met fin \u00e0 ses formations militaires","footnotes":""},"categories":[73,82],"tags":[],"class_list":["post-145262","post","type-post","status-publish","format-standard","hentry","category-actualite","category-cameroun"],"_links":{"self":[{"href":"https:\/\/linitiative.ca\/International\/wp-json\/wp\/v2\/posts\/145262","targetHints":{"allow":["GET"]}}],"collection":[{"href":"https:\/\/linitiative.ca\/International\/wp-json\/wp\/v2\/posts"}],"about":[{"href":"https:\/\/linitiative.ca\/International\/wp-json\/wp\/v2\/types\/post"}],"author":[{"embeddable":true,"href":"https:\/\/linitiative.ca\/International\/wp-json\/wp\/v2\/users\/1965"}],"replies":[{"embeddable":true,"href":"https:\/\/linitiative.ca\/International\/wp-json\/wp\/v2\/comments?post=145262"}],"version-history":[{"count":0,"href":"https:\/\/linitiative.ca\/International\/wp-json\/wp\/v2\/posts\/145262\/revisions"}],"wp:attachment":[{"href":"https:\/\/linitiative.ca\/International\/wp-json\/wp\/v2\/media?parent=145262"}],"wp:term":[{"taxonomy":"category","embeddable":true,"href":"https:\/\/linitiative.ca\/International\/wp-json\/wp\/v2\/categories?post=145262"},{"taxonomy":"post_tag","embeddable":true,"href":"https:\/\/linitiative.ca\/International\/wp-json\/wp\/v2\/tags?post=145262"}],"curies":[{"name":"wp","href":"https:\/\/api.w.org\/{rel}","templated":true}]}}