{"id":145267,"date":"2022-04-11T10:47:19","date_gmt":"2022-04-11T14:47:19","guid":{"rendered":"https:\/\/linitiative.ca\/International\/contamination-a-la-salmonelle-selon-ferrero-les-produits-kinder-commercialises-au-cameroun-ne-sont-pas-concernes\/"},"modified":"2022-04-11T10:47:19","modified_gmt":"2022-04-11T14:47:19","slug":"contamination-a-la-salmonelle-selon-ferrero-les-produits-kinder-commercialises-au-cameroun-ne-sont-pas-concernes","status":"publish","type":"post","link":"https:\/\/linitiative.ca\/International\/contamination-a-la-salmonelle-selon-ferrero-les-produits-kinder-commercialises-au-cameroun-ne-sont-pas-concernes\/","title":{"rendered":"Contamination \u00e0 la Salmonelle : selon Ferrero, les produits Kinder commercialis\u00e9s au Cameroun ne sont pas concern\u00e9s\u00a0"},"content":{"rendered":"<div>\n<p>Le retrait du march\u00e9 de certains lots des produits Kinder (Kinder Surprise, Schoko-Bons et Mini Eggs etc.) commercialis\u00e9s en France \u00a0pour suspicions de contamination \u00e0 la \u00a0Salmonelle Typhimurium a fait l\u2019effet d\u2019une bombe dans le monde. Au Cameroun,\u00a0 la psychose s\u2019est m\u00eame quelque peu \u00a0install\u00e9e, apr\u00e8s la publication dans la foul\u00e9e d\u2019un communiqu\u00e9 de l\u2019Agence des normes et de la qualit\u00e9 (Anor), dans lequel\u00a0 Charles Booto \u00e0 Ngon, le directeur de cet \u00e9tablissement public, annonce la mise en branle d\u2019une mesure similaire sur le territoire national, \u00e0 titre pr\u00e9ventif.\u00a0 Avec en sus, un d\u00e9ploiement cons\u00e9quent des brigades de l\u2019Anor sur le terrain \u00abpour veiller \u00e0 l\u2019application de ces mesures conservatoires\u00bb.<\/p>\n<p><strong>Lire aussi : <a href=\"https:\/\/ecomatin.net\/securite-alimentaire-au-dela-de-laffaire-kinder-un-scandale-camerounais2\/\">S\u00e9curit\u00e9 alimentaire\u00a0: au-del\u00e0 de l\u2019affaire Kinder, un scandale camerounais<\/a><\/strong><\/p>\n<p>Le m\u00eame jour, (7 avril 2022, ndlr), la repr\u00e9sentation locale du g\u00e9ant de l\u2019agroalimentaire italien Ferrero s\u2019est fendue d\u2019un communiqu\u00e9 pour tenter de dissiper la confusion n\u00e9e de ces rappels massifs de produits Kinder dans l\u2019hexagone. A en croire cette derni\u00e8re, les marchandises d\u00fbment identifi\u00e9es comme repr\u00e9sentant un potentiel risque \u00e0 la consommation ne sont pas commercialis\u00e9es au Cameroun. La seule confiserie vendue localement par Ferrero Cameroun c\u2019est \u00abKinder Joy\u00bb, qui est \u00abd\u2019ailleurs produite sur place\u00bb, renseigne Ferrero. L\u2019entreprise italienne d\u00e9cline donc toute responsabilit\u00e9 concernant la pr\u00e9sence \u00e9ventuelle d\u2019un des produits Kinder, retir\u00e9s sur le march\u00e9 fran\u00e7ais, sur le triangle national.<\/p>\n<p><strong>Lire aussi : <a href=\"https:\/\/ecomatin.net\/alerte-face-a-la-dangerosite-de-certains-produits-s-kinder-lanor-ordonne-leur-retrait-du-marche-camerounais\/\">Alerte : face \u00e0 la dangerosit\u00e9 de certains produits Kinder, l\u2019Anor ordonne leur retrait du march\u00e9 camerounais<\/a><\/strong><\/p>\n<p>\u00ab Pour information, le d\u00e9tail des produits concern\u00e9s par le rappel volontaire sont les suivants: Kinder Surprise, Kinder Schoko-Bons avec date de p\u00e9remption comprise entre avril 2022 et fin ao\u00fbt 2022 ; Kinder Mini Eggs avec des dates de pr\u00e9emption comprise entre fin avril 2022 et fin ao\u00fbt 2022, Kinder Moments et Kinder Mix\u2026 Dans le cas o\u00f9 ces produits seraient pr\u00e9sents au Cameroun ils n\u2019ont pas \u00e9t\u00e9 vendus par Ferrero Cameroun\u2026 Kinder Joy vendu au Cameroun est produit localement et n\u2019est pas cibl\u00e9 par cette information\u00bb, peut-on lire dans le communiqu\u00e9 de Ferrero Cameroun.<\/p>\n<p>Pour finir, Ferrero Cameroun conseille aux consommateurs qui auraient pu acheter ces produits de ne pas les consommer, mais de les conserver et contacter son \u00e9quipe d\u2019assistance aux consommateurs par courriel.<\/p>\n<p>L\u2019article <a rel=\"nofollow\" href=\"https:\/\/ecomatin.net\/contamination-a-la-salmonelle-selon-ferrero-les-produits-kinder-commercialises-au-cameroun-ne-sont-pas-concernes\/\">Contamination \u00e0 la Salmonelle : selon Ferrero, les produits Kinder commercialis\u00e9s au Cameroun ne sont pas concern\u00e9s\u00a0<\/a> est apparu en premier sur <a rel=\"nofollow\" href=\"https:\/\/ecomatin.net\/\">EcoMatin<\/a>.<\/p>\n<\/div>\n<p>Auteur: Paul Tjeg<br \/>\n<a href=\"https:\/\/ecomatin.net\/contamination-a-la-salmonelle-selon-ferrero-les-produits-kinder-commercialises-au-cameroun-ne-sont-pas-concernes\/\">Cliquez ici pour lire l&rsquo;article depuis sa source.<\/a><\/p>\n","protected":false},"excerpt":{"rendered":"<p>Le retrait du march\u00e9 de certains lots des produits Kinder (Kinder Surprise, Schoko-Bons et Mini Eggs etc.) commercialis\u00e9s en France \u00a0pour suspicions de contamination \u00e0 la \u00a0Salmonelle Typhimurium a fait l\u2019effet d\u2019une bombe dans le monde. Au Cameroun,\u00a0 la psychose s\u2019est m\u00eame quelque peu \u00a0install\u00e9e, apr\u00e8s la publication dans la foul\u00e9e d\u2019un communiqu\u00e9 de l\u2019Agence [&hellip;]<\/p>\n","protected":false},"author":1969,"featured_media":0,"comment_status":"closed","ping_status":"closed","sticky":false,"template":"","format":"standard","meta":{"fifu_image_url":"","fifu_image_alt":"","footnotes":""},"categories":[82,78],"tags":[],"class_list":["post-145267","post","type-post","status-publish","format-standard","hentry","category-cameroun","category-economie"],"_links":{"self":[{"href":"https:\/\/linitiative.ca\/International\/wp-json\/wp\/v2\/posts\/145267","targetHints":{"allow":["GET"]}}],"collection":[{"href":"https:\/\/linitiative.ca\/International\/wp-json\/wp\/v2\/posts"}],"about":[{"href":"https:\/\/linitiative.ca\/International\/wp-json\/wp\/v2\/types\/post"}],"author":[{"embeddable":true,"href":"https:\/\/linitiative.ca\/International\/wp-json\/wp\/v2\/users\/1969"}],"replies":[{"embeddable":true,"href":"https:\/\/linitiative.ca\/International\/wp-json\/wp\/v2\/comments?post=145267"}],"version-history":[{"count":0,"href":"https:\/\/linitiative.ca\/International\/wp-json\/wp\/v2\/posts\/145267\/revisions"}],"wp:attachment":[{"href":"https:\/\/linitiative.ca\/International\/wp-json\/wp\/v2\/media?parent=145267"}],"wp:term":[{"taxonomy":"category","embeddable":true,"href":"https:\/\/linitiative.ca\/International\/wp-json\/wp\/v2\/categories?post=145267"},{"taxonomy":"post_tag","embeddable":true,"href":"https:\/\/linitiative.ca\/International\/wp-json\/wp\/v2\/tags?post=145267"}],"curies":[{"name":"wp","href":"https:\/\/api.w.org\/{rel}","templated":true}]}}