{"id":145273,"date":"2022-04-12T10:00:28","date_gmt":"2022-04-12T14:00:28","guid":{"rendered":"https:\/\/linitiative.ca\/International\/a-linitiative-de-hola-maroc-et-visage-du-maroc-les-femmes-des-medias-se-mettent-sur-leur-31-pour-leurs-pairs-dans-dautres-secteurs\/"},"modified":"2022-04-12T10:00:28","modified_gmt":"2022-04-12T14:00:28","slug":"a-linitiative-de-hola-maroc-et-visage-du-maroc-les-femmes-des-medias-se-mettent-sur-leur-31-pour-leurs-pairs-dans-dautres-secteurs","status":"publish","type":"post","link":"https:\/\/linitiative.ca\/International\/a-linitiative-de-hola-maroc-et-visage-du-maroc-les-femmes-des-medias-se-mettent-sur-leur-31-pour-leurs-pairs-dans-dautres-secteurs\/","title":{"rendered":"A l\u2019initiative de \u00abHola ! Maroc\u00bb et \u00abVisage du Maroc\u00bb : Les femmes des m\u00e9dias se mettent sur leur  31 pour leurs pairs dans d\u2019autres secteurs"},"content":{"rendered":"<div>\n<p><img loading=\"lazy\" decoding=\"async\" width=\"300\" height=\"153\" src=\"https:\/\/linitiative.ca\/International\/wp-content\/uploads\/sites\/23\/2022\/04\/femmes-des-meCC81dias-Hola-Maroc-et-Visage-du-Maroc-300x153-1.jpg\" class=\"attachment-medium size-medium wp-post-image\" alt=\"\" srcset=\"https:\/\/linitiative.ca\/International\/wp-content\/uploads\/sites\/23\/2022\/04\/femmes-des-meCC81dias-Hola-Maroc-et-Visage-du-Maroc-300x153-1.jpg 300w, https:\/\/aujourdhui.ma\/wp-content\/uploads\/2022\/04\/femmes-des-me\u0301dias-Hola-Maroc-et-Visage-du-Maroc-274x140.jpg 274w, https:\/\/aujourdhui.ma\/wp-content\/uploads\/2022\/04\/femmes-des-me\u0301dias-Hola-Maroc-et-Visage-du-Maroc.jpg 746w, https:\/\/aujourdhui.ma\/wp-content\/uploads\/2022\/04\/femmes-des-me\u0301dias-Hola-Maroc-et-Visage-du-Maroc-165x84.jpg 165w, https:\/\/aujourdhui.ma\/wp-content\/uploads\/2022\/04\/femmes-des-me\u0301dias-Hola-Maroc-et-Visage-du-Maroc-702x358.jpg 702w\" sizes=\"auto, (max-width: 300px) 100vw, 300px\"><\/p>\n<p><span style=\"font-size: 20px; color: #800000;\"><strong>L\u2019action se fait avec 31 femmes des m\u00e9dias chaque mois et en deux temps. Il s\u2019agit de les f\u00e9d\u00e9rer et m\u00e9diatiser pendant 1 mois \u00e0 31 jours et mener l\u2019action sur le terrain par un challenge solidaire journalistes VS artistes de renomm\u00e9e, le mois suivant.<\/strong><\/span><span id=\"more-404939\"><\/span><\/p>\n<p>Le m\u00e9dia des c\u00e9l\u00e9brit\u00e9s marocaines d\u2019ici et d\u2019ailleurs \u00abHola ! Maroc\u00bb et \u00abVisage du Maroc\u00bb, plate-forme qui met en avant les femmes marocaines entrepreneurs, viennent de \u00abmettre les femmes sur leur 31\u00bb. Un mouvement f\u00e9ministe qui, depuis mars, parle, tel que le pr\u00e9cisent ces deux structures, \u00abdes droits des femmes librement, autrement, r\u00e9solument, tous les jours\u2026\u00bb. L\u2019objectif ultime \u00e9tant de lib\u00e9rer les femmes du chiffre 8 mars, le tout est de r\u00e9solument \u00ab les mettre sur leur 31\u00bb. A propos du f\u00e9minisme, les deux partenaires indiquent qu\u2019il \u00abne peut plus \u00eatre universel, chaque nation doit avoir son propre f\u00e9minisme\u00bb. \u00abPuis il va encourager l\u2019entrepreneuriat f\u00e9minin dans trois secteurs pr\u00e9dominants qui sont l\u2019artisanat, l\u2019agriculture et l\u2019environnement, des secteurs cl\u00e9s du Made in Maroc, surtout apr\u00e8s les effets positifs de l\u2019\u00e9pid\u00e9mie sur la prise de conscience mondiale pour la plan\u00e8te et pour la nature\u00bb, d\u00e9taillent les m\u00eames structures.<\/p>\n<p>Quant au chiffre 31, il devient, tel que l\u2019exalte la m\u00eame source, \u00abl\u2019autre chiffre magique, celui qui va symboliser un f\u00e9minisme naturel, joyeux et inspirant, d\u00e9cal\u00e9, nonchalant mais n\u00e9anmoins engag\u00e9. Forc\u00e9ment\u00bb. 31 est aussi le nombre de femmes des m\u00e9dias, qui se mettent \u00absur leur 31\u00bb, afin d\u2019incarner ce f\u00e9minisme Made in Maroc. \u00abN\u2019est-ce pas elles qui peuvent changer les codes et les discours, dans l\u2019influence intelligente et engag\u00e9e, depuis une tribune non traditionnelle, mais plut\u00f4t un podium, qui met la lumi\u00e8re sur des femmes marocaines de l\u2019ombre, des femmes tout court, qui \u00e9voluent sur des terrains aussi fertiles que lesdits secteurs, les glorifier pour leurs performances dans ce sport national qu\u2019\u00eatre une femme au Maroc, leur donner des m\u00e9dailles sur le podium du mouvement \u00abLes femmes sur leur 31\u00bb\u00bb, ajoutent le m\u00e9dia et la plate-forme. Et ce n\u2019est pas tout ! L\u2019action se fait avec 31 femmes des m\u00e9dias chaque mois et en deux temps.<\/p>\n<p>Il s\u2019agit de les f\u00e9d\u00e9rer et m\u00e9diatiser pendant 1 mois \u00e0 31 jours et mener l\u2019action sur le terrain par un challenge solidaire journalistes VS artistes de renomm\u00e9e, le mois suivant. D\u00e9j\u00e0, le mois de mars a connu la cr\u00e9ation du premier collectif de 31 femmes journalistes et de communication marocaines et l\u2019action se passe lors d\u2019une course\/marche solidaire le 30 avril au soir, au d\u00e9part de la corniche casablancaise \u00e0 21h30. Pour information, le prochain collectif \u00e0 31 journalistes, qui sera form\u00e9 le mois de mai, sera \u00e0 moiti\u00e9 compos\u00e9 de femmes des m\u00e9dias \u00e0 l\u2019international, bas\u00e9es dans le Royaume. A vos marques, pr\u00eates, partez !<\/p>\n<\/div>\n<p>Auteur: ALM<br \/>\n<a href=\"https:\/\/aujourdhui.ma\/societe\/a-linitiative-de-hola-maroc-et-visage-du-maroc-les-femmes-des-medias-se-mettent-sur-leur-31-pour-leurs-pairs-dans-dautres-secteurs\">Cliquez ici pour lire l&rsquo;article depuis sa source.<\/a><\/p>\n","protected":false},"excerpt":{"rendered":"<p>L\u2019action se fait avec 31 femmes des m\u00e9dias chaque mois et en deux temps. Il s\u2019agit de les f\u00e9d\u00e9rer et m\u00e9diatiser pendant 1 mois \u00e0 31 jours et mener l\u2019action sur le terrain par un challenge solidaire journalistes VS artistes de renomm\u00e9e, le mois suivant. Le m\u00e9dia des c\u00e9l\u00e9brit\u00e9s marocaines d\u2019ici et d\u2019ailleurs \u00abHola ! [&hellip;]<\/p>\n","protected":false},"author":1759,"featured_media":0,"comment_status":"closed","ping_status":"closed","sticky":false,"template":"","format":"standard","meta":{"fifu_image_url":"https:\/\/aujourdhui.ma\/wp-content\/uploads\/2022\/04\/femmes-des-me\u0301dias-Hola-Maroc-et-Visage-du-Maroc-300x153.jpg","fifu_image_alt":"A l\u2019initiative de \u00abHola ! Maroc\u00bb et \u00abVisage du Maroc\u00bb : Les femmes des m\u00e9dias se mettent sur leur  31 pour leurs pairs dans d\u2019autres secteurs","footnotes":""},"categories":[73,54],"tags":[],"class_list":["post-145273","post","type-post","status-publish","format-standard","hentry","category-actualite","category-maroc"],"_links":{"self":[{"href":"https:\/\/linitiative.ca\/International\/wp-json\/wp\/v2\/posts\/145273","targetHints":{"allow":["GET"]}}],"collection":[{"href":"https:\/\/linitiative.ca\/International\/wp-json\/wp\/v2\/posts"}],"about":[{"href":"https:\/\/linitiative.ca\/International\/wp-json\/wp\/v2\/types\/post"}],"author":[{"embeddable":true,"href":"https:\/\/linitiative.ca\/International\/wp-json\/wp\/v2\/users\/1759"}],"replies":[{"embeddable":true,"href":"https:\/\/linitiative.ca\/International\/wp-json\/wp\/v2\/comments?post=145273"}],"version-history":[{"count":0,"href":"https:\/\/linitiative.ca\/International\/wp-json\/wp\/v2\/posts\/145273\/revisions"}],"wp:attachment":[{"href":"https:\/\/linitiative.ca\/International\/wp-json\/wp\/v2\/media?parent=145273"}],"wp:term":[{"taxonomy":"category","embeddable":true,"href":"https:\/\/linitiative.ca\/International\/wp-json\/wp\/v2\/categories?post=145273"},{"taxonomy":"post_tag","embeddable":true,"href":"https:\/\/linitiative.ca\/International\/wp-json\/wp\/v2\/tags?post=145273"}],"curies":[{"name":"wp","href":"https:\/\/api.w.org\/{rel}","templated":true}]}}