{"id":145289,"date":"2022-04-12T08:47:08","date_gmt":"2022-04-12T12:47:08","guid":{"rendered":"https:\/\/linitiative.ca\/International\/primaire-rencontres-sur-la-didactique-des-matieres-scolaires\/"},"modified":"2022-04-12T08:47:08","modified_gmt":"2022-04-12T12:47:08","slug":"primaire-rencontres-sur-la-didactique-des-matieres-scolaires","status":"publish","type":"post","link":"https:\/\/linitiative.ca\/International\/primaire-rencontres-sur-la-didactique-des-matieres-scolaires\/","title":{"rendered":"Primaire: Rencontres sur la didactique des mati\u00e8res scolaires"},"content":{"rendered":"<div>\n<div style=\"margin-bottom:20px;\"><img loading=\"lazy\" decoding=\"async\" width=\"750\" height=\"430\" src=\"https:\/\/linitiative.ca\/International\/wp-content\/uploads\/sites\/23\/2022\/04\/enseignement-alternance-copier-1.jpg\" class=\"attachment-post-thumbnail size-post-thumbnail wp-post-image\" alt=\"\" srcset=\"https:\/\/linitiative.ca\/International\/wp-content\/uploads\/sites\/23\/2022\/04\/enseignement-alternance-copier-1.jpg 750w, https:\/\/www.mapmarrakech.ma\/map\/uploads\/2022\/04\/enseignement-alternance-copier-1-300x172.jpg 300w\" sizes=\"auto, (max-width: 750px) 100vw, 750px\"><\/div>\n<p>Ces rencontres interviennent dans le cadre de l\u2019ex\u00e9cution du plan mis en place par ladite direction provinciale pour assurer la d\u00e9clinaison optimale des dispositions de la Loi-cadre 51.17 relative au syst\u00e8me d\u2019\u00e9ducation, de formation et de recherche scientifique, notamment le projet 8 visant le d\u00e9veloppement du mod\u00e8le p\u00e9dagogique.<\/p>\n<p>Anim\u00e9es par les inspecteurs p\u00e9dagogiques Habib El Bahi et Issam Hamida, ces rencontres ont \u00e9t\u00e9 \u00e9galement l\u2019occasion pour la pr\u00e9sentation de cours exp\u00e9rimentaux afin de renforcer les capacit\u00e9s des enseignants dans les \u00e9tablissements relevant des districts scolaires N\u00b01 et 10, pr\u00e9cise la direction provinciale dans un communiqu\u00e9.<\/p>\n<p>Ces rencontres ont \u00e9t\u00e9 marqu\u00e9es par une interaction positive et un partage fructueux des exp\u00e9riences, l\u2019objectif ultime \u00e9tant de promouvoir les pratiques professionnelles des enseignants, souligne la m\u00eame source.<\/p>\n<p>La direction provinciale de l\u2019Education nationale, du pr\u00e9scolaire et des sports \u00e0 Essaouira multiplie les sessions de formation, les rencontres et les visites de terrain pour assurer le suivi et l\u2019ex\u00e9cution du plan d\u2019action portant sur la d\u00e9clinaison des dispositions de la Loi-cadre 51.17 relative au syst\u00e8me d\u2019\u00e9ducation, de formation et de recherche scientifique.<\/p>\n<p>The post <a rel=\"nofollow\" href=\"https:\/\/www.mapmarrakech.ma\/fr\/primaire-rencontres-sur-la-didactique-des-matieres-scolaires\/\">Primaire: Rencontres sur la didactique des mati\u00e8res scolaires<\/a> appeared first on <a rel=\"nofollow\" href=\"https:\/\/www.mapmarrakech.ma\/fr\">MapMarrakech<\/a>.<\/p>\n<\/div>\n<p>Auteur: Meriem IGASS<br \/>\n<a href=\"https:\/\/www.mapmarrakech.ma\/fr\/primaire-rencontres-sur-la-didactique-des-matieres-scolaires\/\">Cliquez ici pour lire l&rsquo;article depuis sa source.<\/a><\/p>\n","protected":false},"excerpt":{"rendered":"<p>Ces rencontres interviennent dans le cadre de l\u2019ex\u00e9cution du plan mis en place par ladite direction provinciale pour assurer la d\u00e9clinaison optimale des dispositions de la Loi-cadre 51.17 relative au syst\u00e8me d\u2019\u00e9ducation, de formation et de recherche scientifique, notamment le projet 8 visant le d\u00e9veloppement du mod\u00e8le p\u00e9dagogique. Anim\u00e9es par les inspecteurs p\u00e9dagogiques Habib El [&hellip;]<\/p>\n","protected":false},"author":1788,"featured_media":0,"comment_status":"closed","ping_status":"closed","sticky":false,"template":"","format":"standard","meta":{"fifu_image_url":"https:\/\/www.mapmarrakech.ma\/map\/uploads\/2022\/04\/enseignement-alternance-copier-1.jpg","fifu_image_alt":"Primaire: Rencontres sur la didactique des mati\u00e8res scolaires","footnotes":""},"categories":[54,76],"tags":[],"class_list":["post-145289","post","type-post","status-publish","format-standard","hentry","category-maroc","category-regions"],"_links":{"self":[{"href":"https:\/\/linitiative.ca\/International\/wp-json\/wp\/v2\/posts\/145289","targetHints":{"allow":["GET"]}}],"collection":[{"href":"https:\/\/linitiative.ca\/International\/wp-json\/wp\/v2\/posts"}],"about":[{"href":"https:\/\/linitiative.ca\/International\/wp-json\/wp\/v2\/types\/post"}],"author":[{"embeddable":true,"href":"https:\/\/linitiative.ca\/International\/wp-json\/wp\/v2\/users\/1788"}],"replies":[{"embeddable":true,"href":"https:\/\/linitiative.ca\/International\/wp-json\/wp\/v2\/comments?post=145289"}],"version-history":[{"count":0,"href":"https:\/\/linitiative.ca\/International\/wp-json\/wp\/v2\/posts\/145289\/revisions"}],"wp:attachment":[{"href":"https:\/\/linitiative.ca\/International\/wp-json\/wp\/v2\/media?parent=145289"}],"wp:term":[{"taxonomy":"category","embeddable":true,"href":"https:\/\/linitiative.ca\/International\/wp-json\/wp\/v2\/categories?post=145289"},{"taxonomy":"post_tag","embeddable":true,"href":"https:\/\/linitiative.ca\/International\/wp-json\/wp\/v2\/tags?post=145289"}],"curies":[{"name":"wp","href":"https:\/\/api.w.org\/{rel}","templated":true}]}}