{"id":145293,"date":"2022-04-12T11:30:08","date_gmt":"2022-04-12T15:30:08","guid":{"rendered":"https:\/\/linitiative.ca\/International\/lactivite-economique-aurait-progresse-de-12-au-t1-22\/"},"modified":"2022-04-12T11:30:08","modified_gmt":"2022-04-12T15:30:08","slug":"lactivite-economique-aurait-progresse-de-12-au-t1-22","status":"publish","type":"post","link":"https:\/\/linitiative.ca\/International\/lactivite-economique-aurait-progresse-de-12-au-t1-22\/","title":{"rendered":"L\u2019activit\u00e9 \u00e9conomique aurait progress\u00e9 de 1,2% au T1-22"},"content":{"rendered":"<div>\n<div style=\"margin-bottom:20px;\"><img loading=\"lazy\" decoding=\"async\" width=\"750\" height=\"430\" src=\"https:\/\/linitiative.ca\/International\/wp-content\/uploads\/sites\/23\/2022\/04\/HCP.jpg\" class=\"attachment-post-thumbnail size-post-thumbnail wp-post-image\" alt=\"\" srcset=\"https:\/\/linitiative.ca\/International\/wp-content\/uploads\/sites\/23\/2022\/04\/HCP.jpg 750w, https:\/\/www.mapmarrakech.ma\/map\/uploads\/2021\/09\/HCP-300x172.jpg 300w\" sizes=\"auto, (max-width: 750px) 100vw, 750px\"><\/div>\n<p>Cette croissance a \u00e9t\u00e9 tir\u00e9e principalement par un accroissement de 3,3% de la valeur ajout\u00e9e hors agriculture, explique le HCP qui vient de publier une note de conjoncture\u00a0faisant \u00e9tat de la situation des principaux indicateurs \u00e9conomiques observ\u00e9s pour le quatri\u00e8me trimestre 2021, estim\u00e9s pour le premier trimestre 2022 et relatant les pr\u00e9visions pour le deuxi\u00e8me trimestre.<\/p>\n<p>Au d\u00e9tail, le HCP fait savoir que les branches tertiaires, qui auraient continu\u00e9 de profiter d\u2019un effet d\u2019ajustement de base favorable, auraient contribu\u00e9 pour +1,9 point \u00e0 l\u2019\u00e9volution du PIB, port\u00e9es par la poursuite du r\u00e9tablissement des activit\u00e9s touristiques.<\/p>\n<p>En variation annuelle, la valeur ajout\u00e9e de l\u2019h\u00e9bergement et de la restauration aurait augment\u00e9 de\u00a053,4%, au premier trimestre 2022, dans le sillage de l\u2019am\u00e9lioration de la situation \u00e9pid\u00e9miologique au Maroc et de la r\u00e9ouverture des fronti\u00e8res a\u00e9riennes \u00e0 partir du 7 f\u00e9vrier 2022.<\/p>\n<p>La croissance des activit\u00e9s secondaires se serait, quant \u00e0 elle, l\u00e9g\u00e8rement acc\u00e9l\u00e9r\u00e9e, portant sa contribution \u00e0 la croissance globale du PIB \u00e0 +0,5 point, au lieu de +0,4 au cours de la m\u00eame p\u00e9riode de 2021.<\/p>\n<p>De son c\u00f4t\u00e9, la valeur ajout\u00e9e mini\u00e8re se serait infl\u00e9chie de 4,2% au premier trimestre 2022, en variation annuelle, apr\u00e8s avoir enregistr\u00e9 une hausse de 5,2% une ann\u00e9e auparavant, rel\u00e8ve la m\u00eame source, notant que les activit\u00e9s d\u2019extraction des minerais non m\u00e9talliques auraient r\u00e9gress\u00e9 de 5,3% dans un contexte de repli de la demande des industries locales de transformation.<\/p>\n<p>En revanche, l\u2019activit\u00e9 des industries manufacturi\u00e8res aurait poursuivi sa reprise au rythme de 2,7% au premier trimestre 2022, au lieu de 1,6% pendant la m\u00eame p\u00e9riode de 2021.<\/p>\n<p>En d\u00e9pit du rench\u00e9rissement des co\u00fbts de production, li\u00e9 \u00e0 la hausse des prix des mati\u00e8res premi\u00e8res et aux probl\u00e8mes d\u2019approvisionnement, l\u2019activit\u00e9 des industries manufacturi\u00e8res aurait bien r\u00e9sist\u00e9, gr\u00e2ce notamment au raffermissement de celles des industries de textile et des industries m\u00e9talliques et m\u00e9tallurgiques.<\/p>\n<p>Les industries chimiques qui avaient \u00e9t\u00e9 particuli\u00e8rement dynamiques en 2021, auraient connu, en revanche, une r\u00e9duction de 2,2% de leur valeur ajout\u00e9e dans un contexte de repli des quantit\u00e9s export\u00e9es de d\u00e9riv\u00e9s de phosphates, largement compens\u00e9 par la hausse de leur prix de vente \u00e0 l\u2019export.<\/p>\n<p>The post <a rel=\"nofollow\" href=\"https:\/\/www.mapmarrakech.ma\/fr\/lactivite-economique-aurait-progresse-de-12-au-t1-22\/\">L\u2019activit\u00e9 \u00e9conomique aurait progress\u00e9 de 1,2% au T1-22<\/a> appeared first on <a rel=\"nofollow\" href=\"https:\/\/www.mapmarrakech.ma\/fr\">MapMarrakech<\/a>.<\/p>\n<\/div>\n<p>Auteur: Meriem IGASS<br \/>\n<a href=\"https:\/\/www.mapmarrakech.ma\/fr\/lactivite-economique-aurait-progresse-de-12-au-t1-22\/\">Cliquez ici pour lire l&rsquo;article depuis sa source.<\/a><\/p>\n","protected":false},"excerpt":{"rendered":"<p>Cette croissance a \u00e9t\u00e9 tir\u00e9e principalement par un accroissement de 3,3% de la valeur ajout\u00e9e hors agriculture, explique le HCP qui vient de publier une note de conjoncture\u00a0faisant \u00e9tat de la situation des principaux indicateurs \u00e9conomiques observ\u00e9s pour le quatri\u00e8me trimestre 2021, estim\u00e9s pour le premier trimestre 2022 et relatant les pr\u00e9visions pour le deuxi\u00e8me [&hellip;]<\/p>\n","protected":false},"author":1788,"featured_media":0,"comment_status":"closed","ping_status":"closed","sticky":false,"template":"","format":"standard","meta":{"fifu_image_url":"https:\/\/www.mapmarrakech.ma\/map\/uploads\/2021\/09\/HCP.jpg","fifu_image_alt":"L\u2019activit\u00e9 \u00e9conomique aurait progress\u00e9 de 1,2% au T1-22","footnotes":""},"categories":[54,76],"tags":[],"class_list":["post-145293","post","type-post","status-publish","format-standard","hentry","category-maroc","category-regions"],"_links":{"self":[{"href":"https:\/\/linitiative.ca\/International\/wp-json\/wp\/v2\/posts\/145293","targetHints":{"allow":["GET"]}}],"collection":[{"href":"https:\/\/linitiative.ca\/International\/wp-json\/wp\/v2\/posts"}],"about":[{"href":"https:\/\/linitiative.ca\/International\/wp-json\/wp\/v2\/types\/post"}],"author":[{"embeddable":true,"href":"https:\/\/linitiative.ca\/International\/wp-json\/wp\/v2\/users\/1788"}],"replies":[{"embeddable":true,"href":"https:\/\/linitiative.ca\/International\/wp-json\/wp\/v2\/comments?post=145293"}],"version-history":[{"count":0,"href":"https:\/\/linitiative.ca\/International\/wp-json\/wp\/v2\/posts\/145293\/revisions"}],"wp:attachment":[{"href":"https:\/\/linitiative.ca\/International\/wp-json\/wp\/v2\/media?parent=145293"}],"wp:term":[{"taxonomy":"category","embeddable":true,"href":"https:\/\/linitiative.ca\/International\/wp-json\/wp\/v2\/categories?post=145293"},{"taxonomy":"post_tag","embeddable":true,"href":"https:\/\/linitiative.ca\/International\/wp-json\/wp\/v2\/tags?post=145293"}],"curies":[{"name":"wp","href":"https:\/\/api.w.org\/{rel}","templated":true}]}}