{"id":145295,"date":"2022-04-12T11:36:31","date_gmt":"2022-04-12T15:36:31","guid":{"rendered":"https:\/\/linitiative.ca\/International\/covid-19-la-situation-epidemiologique-actuelle-est-la-meilleure\/"},"modified":"2022-04-12T11:36:31","modified_gmt":"2022-04-12T15:36:31","slug":"covid-19-la-situation-epidemiologique-actuelle-est-la-meilleure","status":"publish","type":"post","link":"https:\/\/linitiative.ca\/International\/covid-19-la-situation-epidemiologique-actuelle-est-la-meilleure\/","title":{"rendered":"Covid-19: La situation \u00e9pid\u00e9miologique actuelle est la meilleure"},"content":{"rendered":"<div>\n<div style=\"margin-bottom:20px;\"><img loading=\"lazy\" decoding=\"async\" width=\"750\" height=\"430\" src=\"https:\/\/linitiative.ca\/International\/wp-content\/uploads\/sites\/23\/2022\/04\/mrabet-Mouad-copier.jpg\" class=\"attachment-post-thumbnail size-post-thumbnail wp-post-image\" alt=\"\" srcset=\"https:\/\/linitiative.ca\/International\/wp-content\/uploads\/sites\/23\/2022\/04\/mrabet-Mouad-copier.jpg 750w, https:\/\/www.mapmarrakech.ma\/map\/uploads\/2022\/04\/mrabet-Mouad-copier-300x172.jpg 300w\" sizes=\"auto, (max-width: 750px) 100vw, 750px\"><\/div>\n<p>Lors d\u2019une rencontre avec la presse consacr\u00e9e \u00e0 la pr\u00e9sentation du bilan bimensuel de la situation \u00e9pid\u00e9mique (16 mars\/12 avril 2022), M. Mrabet a relev\u00e9 que le variant Omicron continue de circuler \u00e0 une faible cadence avec ses sous-mutants BA.2 BA.1.<\/p>\n<p>Selon le responsable, la propagation du virus se poursuit \u00e0 un faible niveau durant cette troisi\u00e8me inter-p\u00e9riode ou la p\u00e9riode post-vague Omicron, qui se prolonge encore pour sa sixi\u00e8me semaine cons\u00e9cutive, depuis la premi\u00e8re semaine de mars 2022, au cours de laquelle 3.138 cas ont \u00e9t\u00e9 enregistr\u00e9s, \u00e0 un rythme de 75 cas par jour, un chiffre inf\u00e9rieur \u00e0 la moyenne quotidienne enregistr\u00e9e dans le deuxi\u00e8me p\u00e9riode interm\u00e9diaire qui a suivi la vague delta, o\u00f9 une moyenne de 127 cas \u00e9taient enregistr\u00e9s par jour.<\/p>\n<p>Le taux de positivit\u00e9 pour cette troisi\u00e8me inter-p\u00e9riode s\u2019\u00e9l\u00e8ve \u00e0 1%, alors qu\u2019il s\u2019est stabilis\u00e9 au cours des deux derni\u00e8res semaines \u00e0 1,3%, a-t-il relev\u00e9.<\/p>\n<p>S\u2019agissant des cas cas graves et critiques, M. Mrabet a soulign\u00e9 que le nombre total de nouveaux cas admis au sein des services de r\u00e9animation et de soins intensifs au cours des six derni\u00e8res semaines a atteint 232 cas, tandis que 349 patients ont quitt\u00e9 ces services apr\u00e8s l\u2019am\u00e9lioration de leur \u00e9tat de sant\u00e9.<\/p>\n<p>Au terme de cette troisi\u00e8me inter-p\u00e9riode, 83 d\u00e9c\u00e8s ont \u00e9t\u00e9 enregistr\u00e9s, \u00e0 raison de deux d\u00e9c\u00e8s par jour, a-t-il dit, pr\u00e9cisant que les trois derni\u00e8res semaines ont enregistr\u00e9 le plus faible nombre de d\u00e9c\u00e8s depuis le d\u00e9but de la transmission communautaire du virus dans le pays, autrement dit, depuis juillet 2020, avec un total de 4 d\u00e9c\u00e8s seulement, enregistr\u00e9s au cours des deux derni\u00e8res semaines.<\/p>\n<p>En ce qui concerne la campagne nationale de vaccination, M. Mrabet a indiqu\u00e9 que le taux de couverture de la troisi\u00e8me dose a atteint 17% de la population, avec un taux de continuit\u00e9 \u00e9gal \u00e0 27%.<\/p>\n<p>\u00c0 cet \u00e9gard, le responsable a r\u00e9it\u00e9r\u00e9 l\u2019appel du minist\u00e8re, en particulier aux personnes \u00e2g\u00e9es, les personnes immunofragiles et les personnes atteintes de maladies chroniques, \u00e0 recevoir la dose de rappel pour augmenter le niveau d\u2019immunit\u00e9, car le risque de contracter la maladie existe toujours, m\u00eame s\u2019il reste faible.<\/p>\n<p>La possibilit\u00e9 de l\u2019\u00e9mergence d\u2019autres variants au niveau mondial n\u2019est pas exclue, a confi\u00e9 M. Mrabet, estimant que le risque de nouvelles vagues reste pr\u00e9sent, comme l\u2019a confirm\u00e9 l\u2019Organisation mondiale de la sant\u00e9 (OMS) dans ses r\u00e9cents rapports.<\/p>\n<p>The post <a rel=\"nofollow\" href=\"https:\/\/www.mapmarrakech.ma\/fr\/covid-19-la-situation-epidemiologique-actuelle-est-la-meilleure\/\">Covid-19: La situation \u00e9pid\u00e9miologique actuelle est la meilleure<\/a> appeared first on <a rel=\"nofollow\" href=\"https:\/\/www.mapmarrakech.ma\/fr\">MapMarrakech<\/a>.<\/p>\n<\/div>\n<p>Auteur: Meriem IGASS<br \/>\n<a href=\"https:\/\/www.mapmarrakech.ma\/fr\/covid-19-la-situation-epidemiologique-actuelle-est-la-meilleure\/\">Cliquez ici pour lire l&rsquo;article depuis sa source.<\/a><\/p>\n","protected":false},"excerpt":{"rendered":"<p>Lors d\u2019une rencontre avec la presse consacr\u00e9e \u00e0 la pr\u00e9sentation du bilan bimensuel de la situation \u00e9pid\u00e9mique (16 mars\/12 avril 2022), M. Mrabet a relev\u00e9 que le variant Omicron continue de circuler \u00e0 une faible cadence avec ses sous-mutants BA.2 BA.1. Selon le responsable, la propagation du virus se poursuit \u00e0 un faible niveau durant [&hellip;]<\/p>\n","protected":false},"author":1788,"featured_media":0,"comment_status":"closed","ping_status":"closed","sticky":false,"template":"","format":"standard","meta":{"fifu_image_url":"https:\/\/www.mapmarrakech.ma\/map\/uploads\/2022\/04\/mrabet-Mouad-copier.jpg","fifu_image_alt":"Covid-19: La situation \u00e9pid\u00e9miologique actuelle est la meilleure","footnotes":""},"categories":[54,76],"tags":[],"class_list":["post-145295","post","type-post","status-publish","format-standard","hentry","category-maroc","category-regions"],"_links":{"self":[{"href":"https:\/\/linitiative.ca\/International\/wp-json\/wp\/v2\/posts\/145295","targetHints":{"allow":["GET"]}}],"collection":[{"href":"https:\/\/linitiative.ca\/International\/wp-json\/wp\/v2\/posts"}],"about":[{"href":"https:\/\/linitiative.ca\/International\/wp-json\/wp\/v2\/types\/post"}],"author":[{"embeddable":true,"href":"https:\/\/linitiative.ca\/International\/wp-json\/wp\/v2\/users\/1788"}],"replies":[{"embeddable":true,"href":"https:\/\/linitiative.ca\/International\/wp-json\/wp\/v2\/comments?post=145295"}],"version-history":[{"count":0,"href":"https:\/\/linitiative.ca\/International\/wp-json\/wp\/v2\/posts\/145295\/revisions"}],"wp:attachment":[{"href":"https:\/\/linitiative.ca\/International\/wp-json\/wp\/v2\/media?parent=145295"}],"wp:term":[{"taxonomy":"category","embeddable":true,"href":"https:\/\/linitiative.ca\/International\/wp-json\/wp\/v2\/categories?post=145295"},{"taxonomy":"post_tag","embeddable":true,"href":"https:\/\/linitiative.ca\/International\/wp-json\/wp\/v2\/tags?post=145295"}],"curies":[{"name":"wp","href":"https:\/\/api.w.org\/{rel}","templated":true}]}}