{"id":145301,"date":"2022-04-12T09:15:08","date_gmt":"2022-04-12T13:15:08","guid":{"rendered":"https:\/\/linitiative.ca\/International\/rabat-les-elus-adoptent-le-plan-damenagement-du-plateau-dakrach\/"},"modified":"2022-04-12T09:15:08","modified_gmt":"2022-04-12T13:15:08","slug":"rabat-les-elus-adoptent-le-plan-damenagement-du-plateau-dakrach","status":"publish","type":"post","link":"https:\/\/linitiative.ca\/International\/rabat-les-elus-adoptent-le-plan-damenagement-du-plateau-dakrach\/","title":{"rendered":"Rabat: Les \u00e9lus adoptent le plan d\u2019am\u00e9nagement du plateau d\u2019Akrach"},"content":{"rendered":"<div>\n<div class=\"field field-name-body field-type-text-with-summary field-label-hidden\">\n<div class=\"field-items\">\n<div class=\"field-item even\" property=\"content:encoded\">\n<p class=\"rtejustify\">R\u00e9uni en session extraordinaire, le conseil de la ville de Rabat a adopt\u00e9, hier, le projet du plan d\u2019am\u00e9nagement (PA) secteur d\u2019Akrach (Tranche 1)). L\u2019approche ainsi que les principales composantes de ce projet ont \u00e9t\u00e9 pr\u00e9sent\u00e9s par la direction de l\u2019Agence urbaine. Une occasion pour rappeler que ce site constitue une pr\u00e9cieuse opportunit\u00e9 en termes de r\u00e9serve fonci\u00e8re, soit pr\u00e8s de 1.100 ha, permettant la r\u00e9alisation des projets structurants.<\/p>\n<\/div>\n<\/div>\n<\/div>\n<\/div>\n<p>Auteur: hgueye<br \/>\n<a href=\"https:\/\/www.leconomiste.com\/flash-infos\/rabat-les-elus-adoptent-le-plan-d-amenagement-du-plateau-d-akrach\">Cliquez ici pour lire l&rsquo;article depuis sa source.<\/a><\/p>\n","protected":false},"excerpt":{"rendered":"<p>R\u00e9uni en session extraordinaire, le conseil de la ville de Rabat a adopt\u00e9, hier, le projet du plan d\u2019am\u00e9nagement (PA) secteur d\u2019Akrach (Tranche 1)). L\u2019approche ainsi que les principales composantes de ce projet ont \u00e9t\u00e9 pr\u00e9sent\u00e9s par la direction de l\u2019Agence urbaine. Une occasion pour rappeler que ce site constitue une pr\u00e9cieuse opportunit\u00e9 en termes [&hellip;]<\/p>\n","protected":false},"author":1763,"featured_media":0,"comment_status":"closed","ping_status":"closed","sticky":false,"template":"","format":"standard","meta":{"fifu_image_url":"","fifu_image_alt":"","footnotes":""},"categories":[78,54],"tags":[],"class_list":["post-145301","post","type-post","status-publish","format-standard","hentry","category-economie","category-maroc"],"_links":{"self":[{"href":"https:\/\/linitiative.ca\/International\/wp-json\/wp\/v2\/posts\/145301","targetHints":{"allow":["GET"]}}],"collection":[{"href":"https:\/\/linitiative.ca\/International\/wp-json\/wp\/v2\/posts"}],"about":[{"href":"https:\/\/linitiative.ca\/International\/wp-json\/wp\/v2\/types\/post"}],"author":[{"embeddable":true,"href":"https:\/\/linitiative.ca\/International\/wp-json\/wp\/v2\/users\/1763"}],"replies":[{"embeddable":true,"href":"https:\/\/linitiative.ca\/International\/wp-json\/wp\/v2\/comments?post=145301"}],"version-history":[{"count":0,"href":"https:\/\/linitiative.ca\/International\/wp-json\/wp\/v2\/posts\/145301\/revisions"}],"wp:attachment":[{"href":"https:\/\/linitiative.ca\/International\/wp-json\/wp\/v2\/media?parent=145301"}],"wp:term":[{"taxonomy":"category","embeddable":true,"href":"https:\/\/linitiative.ca\/International\/wp-json\/wp\/v2\/categories?post=145301"},{"taxonomy":"post_tag","embeddable":true,"href":"https:\/\/linitiative.ca\/International\/wp-json\/wp\/v2\/tags?post=145301"}],"curies":[{"name":"wp","href":"https:\/\/api.w.org\/{rel}","templated":true}]}}