{"id":145303,"date":"2022-04-12T12:11:06","date_gmt":"2022-04-12T16:11:06","guid":{"rendered":"https:\/\/linitiative.ca\/International\/covid-une-meilleure-situation-epidemiologique-depuis-la-transmission-communautaire\/"},"modified":"2022-04-12T12:11:06","modified_gmt":"2022-04-12T16:11:06","slug":"covid-une-meilleure-situation-epidemiologique-depuis-la-transmission-communautaire","status":"publish","type":"post","link":"https:\/\/linitiative.ca\/International\/covid-une-meilleure-situation-epidemiologique-depuis-la-transmission-communautaire\/","title":{"rendered":"Covid: Une meilleure situation \u00e9pid\u00e9miologique depuis la transmission communautaire"},"content":{"rendered":"<div>\n<div class=\"field field-name-body field-type-text-with-summary field-label-hidden\">\n<div class=\"field-items\">\n<div class=\"field-item even\" property=\"content:encoded\">\n<p class=\"rtejustify\">La situation \u00e9pid\u00e9miologique actuelle est la meilleure depuis le d\u00e9but de la transmission communautaire du virus, a indiqu\u00e9, mardi \u00e0 Rabat, le coordonnateur du Centre national des op\u00e9rations d&rsquo;urgence de sant\u00e9 publique au minist\u00e8re de la Sant\u00e9 et de la protection sociale, Mouad Mrabet, lors de la pr\u00e9sentation du bilan mensuel du Covid (16 mars-12 avril).<\/p>\n<\/div>\n<\/div>\n<\/div>\n<\/div>\n<p>Auteur: hgueye<br \/>\n<a href=\"https:\/\/www.leconomiste.com\/flash-infos\/covid-une-meilleure-situation-epidemiologique-depuis-la-transmission-communautaire\">Cliquez ici pour lire l&rsquo;article depuis sa source.<\/a><\/p>\n","protected":false},"excerpt":{"rendered":"<p>La situation \u00e9pid\u00e9miologique actuelle est la meilleure depuis le d\u00e9but de la transmission communautaire du virus, a indiqu\u00e9, mardi \u00e0 Rabat, le coordonnateur du Centre national des op\u00e9rations d&rsquo;urgence de sant\u00e9 publique au minist\u00e8re de la Sant\u00e9 et de la protection sociale, Mouad Mrabet, lors de la pr\u00e9sentation du bilan mensuel du Covid (16 mars-12 [&hellip;]<\/p>\n","protected":false},"author":1763,"featured_media":0,"comment_status":"closed","ping_status":"closed","sticky":false,"template":"","format":"standard","meta":{"fifu_image_url":"","fifu_image_alt":"","footnotes":""},"categories":[78,54],"tags":[],"class_list":["post-145303","post","type-post","status-publish","format-standard","hentry","category-economie","category-maroc"],"_links":{"self":[{"href":"https:\/\/linitiative.ca\/International\/wp-json\/wp\/v2\/posts\/145303","targetHints":{"allow":["GET"]}}],"collection":[{"href":"https:\/\/linitiative.ca\/International\/wp-json\/wp\/v2\/posts"}],"about":[{"href":"https:\/\/linitiative.ca\/International\/wp-json\/wp\/v2\/types\/post"}],"author":[{"embeddable":true,"href":"https:\/\/linitiative.ca\/International\/wp-json\/wp\/v2\/users\/1763"}],"replies":[{"embeddable":true,"href":"https:\/\/linitiative.ca\/International\/wp-json\/wp\/v2\/comments?post=145303"}],"version-history":[{"count":0,"href":"https:\/\/linitiative.ca\/International\/wp-json\/wp\/v2\/posts\/145303\/revisions"}],"wp:attachment":[{"href":"https:\/\/linitiative.ca\/International\/wp-json\/wp\/v2\/media?parent=145303"}],"wp:term":[{"taxonomy":"category","embeddable":true,"href":"https:\/\/linitiative.ca\/International\/wp-json\/wp\/v2\/categories?post=145303"},{"taxonomy":"post_tag","embeddable":true,"href":"https:\/\/linitiative.ca\/International\/wp-json\/wp\/v2\/tags?post=145303"}],"curies":[{"name":"wp","href":"https:\/\/api.w.org\/{rel}","templated":true}]}}