{"id":145309,"date":"2022-04-12T03:30:00","date_gmt":"2022-04-12T07:30:00","guid":{"rendered":"https:\/\/linitiative.ca\/International\/changement-climatique-un-rapport-passe-sous-silence-lurgence-est-de-depolluer-le-debat-public\/"},"modified":"2022-04-12T03:30:00","modified_gmt":"2022-04-12T07:30:00","slug":"changement-climatique-un-rapport-passe-sous-silence-lurgence-est-de-depolluer-le-debat-public","status":"publish","type":"post","link":"https:\/\/linitiative.ca\/International\/changement-climatique-un-rapport-passe-sous-silence-lurgence-est-de-depolluer-le-debat-public\/","title":{"rendered":"Changement climatique: un rapport pass\u00e9 sous silence, l\u2019urgence est de d\u00e9polluer le d\u00e9bat public"},"content":{"rendered":"<div><img decoding=\"async\" src=\"https:\/\/linitiative.ca\/International\/wp-content\/uploads\/sites\/23\/2022\/04\/1649759127_article.jpg\" alt=\"Changement climatique: un rapport pass\u00e9 sous silence, l\u2019urgence est de d\u00e9polluer le d\u00e9bat public\" align=\"left\">Par Pr Samir Allal<br \/>\nJamais la menace climatique n\u2019a \u00e9t\u00e9 aussi pressante<br \/>\nLes turbulences du monde, les in\u00e9galit\u00e9s, l\u2019inflation, la guerre en Ukrainequi fait exploser les prix de l\u2019alimentation et de l\u2019\u00e9nergie, ne favorisent pas la transition vers une \u00e9conomie bas-carbone. La moiti\u00e9 de la population mondiale subit d\u00e9j\u00e0 des p\u00e9nuries grave d\u2019eau, et des millions de personnes sont expos\u00e9es \u00e0 l\u2019ins\u00e9curit\u00e9 alimentaire.<br \/>\nEn trente ans, les gaz \u00e0 effet de serre se sont accumul\u00e9s dans l\u2019atmosph\u00e8re, et les \u00e9missions annuelles ont fortement augment\u00e9 \u2013 \u00e0 peine un peu moins vite dans la derni\u00e8re d\u00e9cennie.<br \/>\nLe\u00a0 sixi\u00e8me rapport d\u2019\u00e9valuation du Groupe d&rsquo;experts &#8230;<\/p>\n<\/div>\n<p>Auteur:<br \/>\n<a href=\"https:\/\/www.leaders.com.tn\/article\/33232-changement-climatique-un-rapport-passe-sous-silence-l-urgence-est-de-depolluer-le-debat-public\">Cliquez ici pour lire l&rsquo;article depuis sa source.<\/a><\/p>\n","protected":false},"excerpt":{"rendered":"<p>Par Pr Samir Allal Jamais la menace climatique n\u2019a \u00e9t\u00e9 aussi pressante Les turbulences du monde, les in\u00e9galit\u00e9s, l\u2019inflation, la guerre en Ukrainequi fait exploser les prix de l\u2019alimentation et de l\u2019\u00e9nergie, ne favorisent pas la transition vers une \u00e9conomie bas-carbone. La moiti\u00e9 de la population mondiale subit d\u00e9j\u00e0 des p\u00e9nuries grave d\u2019eau, et des [&hellip;]<\/p>\n","protected":false},"author":1772,"featured_media":0,"comment_status":"closed","ping_status":"closed","sticky":false,"template":"","format":"standard","meta":{"fifu_image_url":"http:\/\/www.leaders.com.tn\/uploads\/content\/thumbnails_small\/1649759127_article.jpg","fifu_image_alt":"Changement climatique: un rapport pass\u00e9 sous silence, l\u2019urgence est de d\u00e9polluer le d\u00e9bat public","footnotes":""},"categories":[73,55],"tags":[],"class_list":["post-145309","post","type-post","status-publish","format-standard","hentry","category-actualite","category-tunisie"],"_links":{"self":[{"href":"https:\/\/linitiative.ca\/International\/wp-json\/wp\/v2\/posts\/145309","targetHints":{"allow":["GET"]}}],"collection":[{"href":"https:\/\/linitiative.ca\/International\/wp-json\/wp\/v2\/posts"}],"about":[{"href":"https:\/\/linitiative.ca\/International\/wp-json\/wp\/v2\/types\/post"}],"author":[{"embeddable":true,"href":"https:\/\/linitiative.ca\/International\/wp-json\/wp\/v2\/users\/1772"}],"replies":[{"embeddable":true,"href":"https:\/\/linitiative.ca\/International\/wp-json\/wp\/v2\/comments?post=145309"}],"version-history":[{"count":0,"href":"https:\/\/linitiative.ca\/International\/wp-json\/wp\/v2\/posts\/145309\/revisions"}],"wp:attachment":[{"href":"https:\/\/linitiative.ca\/International\/wp-json\/wp\/v2\/media?parent=145309"}],"wp:term":[{"taxonomy":"category","embeddable":true,"href":"https:\/\/linitiative.ca\/International\/wp-json\/wp\/v2\/categories?post=145309"},{"taxonomy":"post_tag","embeddable":true,"href":"https:\/\/linitiative.ca\/International\/wp-json\/wp\/v2\/tags?post=145309"}],"curies":[{"name":"wp","href":"https:\/\/api.w.org\/{rel}","templated":true}]}}