{"id":145311,"date":"2022-04-12T03:59:00","date_gmt":"2022-04-12T07:59:00","guid":{"rendered":"https:\/\/linitiative.ca\/International\/qui-tient-la-maison-bouden-a-la-kasbah\/"},"modified":"2022-04-12T03:59:00","modified_gmt":"2022-04-12T07:59:00","slug":"qui-tient-la-maison-bouden-a-la-kasbah","status":"publish","type":"post","link":"https:\/\/linitiative.ca\/International\/qui-tient-la-maison-bouden-a-la-kasbah\/","title":{"rendered":"Qui tient la maison Bouden \u00e0 la Kasbah?"},"content":{"rendered":"<div><img decoding=\"async\" src=\"https:\/\/linitiative.ca\/International\/wp-content\/uploads\/sites\/23\/2022\/04\/1649750762_article.jpg\" alt=\"Qui tient la maison Bouden \u00e0 la Kasbah?\" align=\"left\">Equipe restreinte, mais staff rapproch\u00e9 pour la cheffe du gouvernement Najla Bouden. Depuis son accession \u00e0 la Kasbah, il y a cinq mois, en octobre dernier, elle n\u2019a proc\u00e9d\u00e9 qu\u2019\u00e0 un nombre tr\u00e8s r\u00e9duit de nominations au sein de son cabinet.\u00a0A ce jour, elle n&rsquo;a pas encore d\u00e9sign\u00e9 un chef de cabinet. Ce n\u2019est que d\u00e9but mars dernier que Serra Rejeb, appel\u00e9e \u00e0 ses c\u00f4t\u00e9s en novembre en qualit\u00e9 de conseill\u00e8re, a \u00e9t\u00e9 nomm\u00e9e secr\u00e9taire g\u00e9n\u00e9rale du gouvernement. Le poste \u00e9tait rest\u00e9 vacant depuis le limogeage de Walid Edhabi, au lendemain du 25 juillet 2021.D\u00e9j\u00e0 limit\u00e9e en nombre, l&rsquo;\u00e9quipe enregistre des d\u00e9parts successifs : Mohamed Ghorbal (Protrocole), A\u00efda &#8230;<\/p>\n<\/div>\n<p>Auteur:<br \/>\n<a href=\"https:\/\/www.leaders.com.tn\/article\/33231-qui-tient-la-maison-bouden-a-la-kasbah\">Cliquez ici pour lire l&rsquo;article depuis sa source.<\/a><\/p>\n","protected":false},"excerpt":{"rendered":"<p>Equipe restreinte, mais staff rapproch\u00e9 pour la cheffe du gouvernement Najla Bouden. Depuis son accession \u00e0 la Kasbah, il y a cinq mois, en octobre dernier, elle n\u2019a proc\u00e9d\u00e9 qu\u2019\u00e0 un nombre tr\u00e8s r\u00e9duit de nominations au sein de son cabinet.\u00a0A ce jour, elle n&rsquo;a pas encore d\u00e9sign\u00e9 un chef de cabinet. Ce n\u2019est que [&hellip;]<\/p>\n","protected":false},"author":1772,"featured_media":0,"comment_status":"closed","ping_status":"closed","sticky":false,"template":"","format":"standard","meta":{"fifu_image_url":"http:\/\/www.leaders.com.tn\/uploads\/content\/thumbnails_small\/1649750762_article.jpg","fifu_image_alt":"Qui tient la maison Bouden \u00e0 la Kasbah?","footnotes":""},"categories":[73,55],"tags":[],"class_list":["post-145311","post","type-post","status-publish","format-standard","hentry","category-actualite","category-tunisie"],"_links":{"self":[{"href":"https:\/\/linitiative.ca\/International\/wp-json\/wp\/v2\/posts\/145311","targetHints":{"allow":["GET"]}}],"collection":[{"href":"https:\/\/linitiative.ca\/International\/wp-json\/wp\/v2\/posts"}],"about":[{"href":"https:\/\/linitiative.ca\/International\/wp-json\/wp\/v2\/types\/post"}],"author":[{"embeddable":true,"href":"https:\/\/linitiative.ca\/International\/wp-json\/wp\/v2\/users\/1772"}],"replies":[{"embeddable":true,"href":"https:\/\/linitiative.ca\/International\/wp-json\/wp\/v2\/comments?post=145311"}],"version-history":[{"count":0,"href":"https:\/\/linitiative.ca\/International\/wp-json\/wp\/v2\/posts\/145311\/revisions"}],"wp:attachment":[{"href":"https:\/\/linitiative.ca\/International\/wp-json\/wp\/v2\/media?parent=145311"}],"wp:term":[{"taxonomy":"category","embeddable":true,"href":"https:\/\/linitiative.ca\/International\/wp-json\/wp\/v2\/categories?post=145311"},{"taxonomy":"post_tag","embeddable":true,"href":"https:\/\/linitiative.ca\/International\/wp-json\/wp\/v2\/tags?post=145311"}],"curies":[{"name":"wp","href":"https:\/\/api.w.org\/{rel}","templated":true}]}}