{"id":145315,"date":"2022-04-12T08:02:30","date_gmt":"2022-04-12T12:02:30","guid":{"rendered":"https:\/\/linitiative.ca\/International\/economie-informelle-les-pistes-du-gouvernement-pour-resorber-le-probleme\/"},"modified":"2022-04-12T08:02:30","modified_gmt":"2022-04-12T12:02:30","slug":"economie-informelle-les-pistes-du-gouvernement-pour-resorber-le-probleme","status":"publish","type":"post","link":"https:\/\/linitiative.ca\/International\/economie-informelle-les-pistes-du-gouvernement-pour-resorber-le-probleme\/","title":{"rendered":"\u00c9conomie informelle. Les pistes du gouvernement pour r\u00e9sorber le probl\u00e8me"},"content":{"rendered":"<div><img decoding=\"async\" width=\"750\" height=\"422\" src=\"https:\/\/linitiative.ca\/International\/wp-content\/uploads\/sites\/23\/2022\/04\/sekkouri.jpeg\" class=\"attachment-post-thumbnail size-post-thumbnail wp-post-image\" alt=\"\" loading=\"lazy\" srcset=\"https:\/\/linitiative.ca\/International\/wp-content\/uploads\/sites\/23\/2022\/04\/sekkouri.jpeg 750w, https:\/\/www.challenge.ma\/wp-content\/uploads\/2022\/04\/sekkouri-300x169.jpeg 300w, https:\/\/www.challenge.ma\/wp-content\/uploads\/2022\/04\/sekkouri-360x203.jpeg 360w\" sizes=\"auto, (max-width: 750px) 100vw, 750px\" itemprop=\"image\">L\u2019informel est l\u2019un des d\u00e9fis du gouvernement. Voici comment l\u2019Ex\u00e9cutif entend relever ce d\u00e9fi \u00ab\u00a0de fa\u00e7on d\u00e9finitive\u00a0\u00bb. En marge d\u2019une intervention \u00e0 la Chambre des Repr\u00e9sentants le 11 avril, le ministre de l\u2019Inclusion \u00e9conomique, de la Petite entreprise, de l\u2019Emploi et des Comp\u00e9tences, Younes Sekkouri, a laiss\u00e9 entendre que le<\/div>\n<p>Auteur: Roland Amoussou<br \/>\n<a href=\"https:\/\/www.challenge.ma\/economie-informelle-les-pistes-du-gouvernement-pour-resorber-le-probleme-236626\/\">Cliquez ici pour lire l&rsquo;article depuis sa source.<\/a><\/p>\n","protected":false},"excerpt":{"rendered":"<p>L\u2019informel est l\u2019un des d\u00e9fis du gouvernement. Voici comment l\u2019Ex\u00e9cutif entend relever ce d\u00e9fi \u00ab\u00a0de fa\u00e7on d\u00e9finitive\u00a0\u00bb. En marge d\u2019une intervention \u00e0 la Chambre des Repr\u00e9sentants le 11 avril, le ministre de l\u2019Inclusion \u00e9conomique, de la Petite entreprise, de l\u2019Emploi et des Comp\u00e9tences, Younes Sekkouri, a laiss\u00e9 entendre que le Auteur: Roland Amoussou Cliquez ici [&hellip;]<\/p>\n","protected":false},"author":1787,"featured_media":0,"comment_status":"closed","ping_status":"closed","sticky":false,"template":"","format":"standard","meta":{"fifu_image_url":"https:\/\/www.challenge.ma\/wp-content\/uploads\/2022\/04\/sekkouri.jpeg","fifu_image_alt":"\u00c9conomie informelle. Les pistes du gouvernement pour r\u00e9sorber le probl\u00e8me","footnotes":""},"categories":[78,54],"tags":[],"class_list":["post-145315","post","type-post","status-publish","format-standard","hentry","category-economie","category-maroc"],"_links":{"self":[{"href":"https:\/\/linitiative.ca\/International\/wp-json\/wp\/v2\/posts\/145315","targetHints":{"allow":["GET"]}}],"collection":[{"href":"https:\/\/linitiative.ca\/International\/wp-json\/wp\/v2\/posts"}],"about":[{"href":"https:\/\/linitiative.ca\/International\/wp-json\/wp\/v2\/types\/post"}],"author":[{"embeddable":true,"href":"https:\/\/linitiative.ca\/International\/wp-json\/wp\/v2\/users\/1787"}],"replies":[{"embeddable":true,"href":"https:\/\/linitiative.ca\/International\/wp-json\/wp\/v2\/comments?post=145315"}],"version-history":[{"count":0,"href":"https:\/\/linitiative.ca\/International\/wp-json\/wp\/v2\/posts\/145315\/revisions"}],"wp:attachment":[{"href":"https:\/\/linitiative.ca\/International\/wp-json\/wp\/v2\/media?parent=145315"}],"wp:term":[{"taxonomy":"category","embeddable":true,"href":"https:\/\/linitiative.ca\/International\/wp-json\/wp\/v2\/categories?post=145315"},{"taxonomy":"post_tag","embeddable":true,"href":"https:\/\/linitiative.ca\/International\/wp-json\/wp\/v2\/tags?post=145315"}],"curies":[{"name":"wp","href":"https:\/\/api.w.org\/{rel}","templated":true}]}}