{"id":145327,"date":"2022-04-12T17:06:56","date_gmt":"2022-04-12T21:06:56","guid":{"rendered":"https:\/\/linitiative.ca\/International\/tunisie-officiel-natasha-franceschi-chargee-daffaires-de-lambassade-des-etats-unis-en-tunisie\/"},"modified":"2022-04-12T17:06:56","modified_gmt":"2022-04-12T21:06:56","slug":"tunisie-officiel-natasha-franceschi-chargee-daffaires-de-lambassade-des-etats-unis-en-tunisie","status":"publish","type":"post","link":"https:\/\/linitiative.ca\/International\/tunisie-officiel-natasha-franceschi-chargee-daffaires-de-lambassade-des-etats-unis-en-tunisie\/","title":{"rendered":"Tunisie-Officiel : Natasha Franceschi, Charg\u00e9e d\u2019Affaires de l\u2019Ambassade des Etats-Unis en Tunisie"},"content":{"rendered":"<div>\n<p>L\u2019ancien ambassadeur am\u00e9ricain Donald Blome a officiellement confi\u00e9 ce mardi \u00e0 Natasha Franceschi les fonctions de charg\u00e9e d\u2019affaires de l\u2019ambassade des \u00c9tats-Unis en Tunisie, lors d\u2019une c\u00e9r\u00e9monie en pr\u00e9sence de l\u2019\u00e9quipe de l\u2019ambassade le 8 avril 2022. Franceschi fait partie du haut corps diplomatique, et a commenc\u00e9 son travail en Tunisie en novembre 2021 en [\u2026]<\/p>\n<p>L\u2019article <a href=\"https:\/\/www.tunisienumerique.com\/tunisie-officiel-natasha-franceschi-chargee-daffaires-de-lambassade-des-etats-unis-en-tunisie\/\">Tunisie-Officiel : Natasha Franceschi, Charg\u00e9e d\u2019Affaires de l\u2019Ambassade des Etats-Unis en Tunisie<\/a> est apparu en premier sur <a href=\"https:\/\/www.tunisienumerique.com\/\">Tunisie<\/a>.<\/p>\n<\/div>\n<p>Auteur: rania ben slimane<br \/>\n<a href=\"https:\/\/www.tunisienumerique.com\/tunisie-officiel-natasha-franceschi-chargee-daffaires-de-lambassade-des-etats-unis-en-tunisie\/\">Cliquez ici pour lire l&rsquo;article depuis sa source.<\/a><\/p>\n","protected":false},"excerpt":{"rendered":"<p>L\u2019ancien ambassadeur am\u00e9ricain Donald Blome a officiellement confi\u00e9 ce mardi \u00e0 Natasha Franceschi les fonctions de charg\u00e9e d\u2019affaires de l\u2019ambassade des \u00c9tats-Unis en Tunisie, lors d\u2019une c\u00e9r\u00e9monie en pr\u00e9sence de l\u2019\u00e9quipe de l\u2019ambassade le 8 avril 2022. Franceschi fait partie du haut corps diplomatique, et a commenc\u00e9 son travail en Tunisie en novembre 2021 en [&hellip;]<\/p>\n","protected":false},"author":1789,"featured_media":0,"comment_status":"closed","ping_status":"closed","sticky":false,"template":"","format":"standard","meta":{"fifu_image_url":"","fifu_image_alt":"","footnotes":""},"categories":[73,55],"tags":[],"class_list":["post-145327","post","type-post","status-publish","format-standard","hentry","category-actualite","category-tunisie"],"_links":{"self":[{"href":"https:\/\/linitiative.ca\/International\/wp-json\/wp\/v2\/posts\/145327","targetHints":{"allow":["GET"]}}],"collection":[{"href":"https:\/\/linitiative.ca\/International\/wp-json\/wp\/v2\/posts"}],"about":[{"href":"https:\/\/linitiative.ca\/International\/wp-json\/wp\/v2\/types\/post"}],"author":[{"embeddable":true,"href":"https:\/\/linitiative.ca\/International\/wp-json\/wp\/v2\/users\/1789"}],"replies":[{"embeddable":true,"href":"https:\/\/linitiative.ca\/International\/wp-json\/wp\/v2\/comments?post=145327"}],"version-history":[{"count":0,"href":"https:\/\/linitiative.ca\/International\/wp-json\/wp\/v2\/posts\/145327\/revisions"}],"wp:attachment":[{"href":"https:\/\/linitiative.ca\/International\/wp-json\/wp\/v2\/media?parent=145327"}],"wp:term":[{"taxonomy":"category","embeddable":true,"href":"https:\/\/linitiative.ca\/International\/wp-json\/wp\/v2\/categories?post=145327"},{"taxonomy":"post_tag","embeddable":true,"href":"https:\/\/linitiative.ca\/International\/wp-json\/wp\/v2\/tags?post=145327"}],"curies":[{"name":"wp","href":"https:\/\/api.w.org\/{rel}","templated":true}]}}