{"id":145328,"date":"2022-04-12T17:16:44","date_gmt":"2022-04-12T21:16:44","guid":{"rendered":"https:\/\/linitiative.ca\/International\/uefa-cl-sur-quelles-chaines-regarder-les-matches-de-mercredi\/"},"modified":"2022-04-12T17:16:44","modified_gmt":"2022-04-12T21:16:44","slug":"uefa-cl-sur-quelles-chaines-regarder-les-matches-de-mercredi","status":"publish","type":"post","link":"https:\/\/linitiative.ca\/International\/uefa-cl-sur-quelles-chaines-regarder-les-matches-de-mercredi\/","title":{"rendered":"UEFA CL : Sur quelles cha\u00eenes regarder les matches de mercredi ?"},"content":{"rendered":"<div>\n<p>Sur la pelouse d\u2019Estadio Wanda Metropolitano, l\u2019Atl\u00e9tico de Madrid re\u00e7oit Manchester City ce mercredi 13 avril \u00e0 20h00 (HT) pour ce quart de finale retour de Champions League. A la m\u00eame heure, les Reds de Liverpool re\u00e7oivent les portugais de Benfica. D\u00e9couvrez sur quelles cha\u00eenes regarder les 2 matches : Ligue des Champions de l\u2019UEFA [\u2026]<\/p>\n<p>L\u2019article <a href=\"https:\/\/sport.tunisienumerique.com\/uefa-cl-sur-quelles-chaines-regarder-les-matches-de-mercredi\/\">UEFA CL : Sur quelles cha\u00eenes regarder les matches de mercredi ?<\/a> est apparu en premier sur <a href=\"https:\/\/www.tunisienumerique.com\/\">Tunisie<\/a>.<\/p>\n<\/div>\n<p>Auteur: Hamza Ben Khlifa<br \/>\n<a href=\"https:\/\/sport.tunisienumerique.com\/uefa-cl-sur-quelles-chaines-regarder-les-matches-de-mercredi\/\">Cliquez ici pour lire l&rsquo;article depuis sa source.<\/a><\/p>\n","protected":false},"excerpt":{"rendered":"<p>Sur la pelouse d\u2019Estadio Wanda Metropolitano, l\u2019Atl\u00e9tico de Madrid re\u00e7oit Manchester City ce mercredi 13 avril \u00e0 20h00 (HT) pour ce quart de finale retour de Champions League. A la m\u00eame heure, les Reds de Liverpool re\u00e7oivent les portugais de Benfica. D\u00e9couvrez sur quelles cha\u00eenes regarder les 2 matches : Ligue des Champions de l\u2019UEFA [&hellip;]<\/p>\n","protected":false},"author":1789,"featured_media":0,"comment_status":"closed","ping_status":"closed","sticky":false,"template":"","format":"standard","meta":{"fifu_image_url":"","fifu_image_alt":"","footnotes":""},"categories":[73,55],"tags":[],"class_list":["post-145328","post","type-post","status-publish","format-standard","hentry","category-actualite","category-tunisie"],"_links":{"self":[{"href":"https:\/\/linitiative.ca\/International\/wp-json\/wp\/v2\/posts\/145328","targetHints":{"allow":["GET"]}}],"collection":[{"href":"https:\/\/linitiative.ca\/International\/wp-json\/wp\/v2\/posts"}],"about":[{"href":"https:\/\/linitiative.ca\/International\/wp-json\/wp\/v2\/types\/post"}],"author":[{"embeddable":true,"href":"https:\/\/linitiative.ca\/International\/wp-json\/wp\/v2\/users\/1789"}],"replies":[{"embeddable":true,"href":"https:\/\/linitiative.ca\/International\/wp-json\/wp\/v2\/comments?post=145328"}],"version-history":[{"count":0,"href":"https:\/\/linitiative.ca\/International\/wp-json\/wp\/v2\/posts\/145328\/revisions"}],"wp:attachment":[{"href":"https:\/\/linitiative.ca\/International\/wp-json\/wp\/v2\/media?parent=145328"}],"wp:term":[{"taxonomy":"category","embeddable":true,"href":"https:\/\/linitiative.ca\/International\/wp-json\/wp\/v2\/categories?post=145328"},{"taxonomy":"post_tag","embeddable":true,"href":"https:\/\/linitiative.ca\/International\/wp-json\/wp\/v2\/tags?post=145328"}],"curies":[{"name":"wp","href":"https:\/\/api.w.org\/{rel}","templated":true}]}}