{"id":145330,"date":"2022-04-12T15:49:53","date_gmt":"2022-04-12T19:49:53","guid":{"rendered":"https:\/\/linitiative.ca\/International\/transformation-annoncee-de-la-bauxite-en-guinee-une-decision-courageuse-mais\/"},"modified":"2022-04-12T15:49:53","modified_gmt":"2022-04-12T19:49:53","slug":"transformation-annoncee-de-la-bauxite-en-guinee-une-decision-courageuse-mais","status":"publish","type":"post","link":"https:\/\/linitiative.ca\/International\/transformation-annoncee-de-la-bauxite-en-guinee-une-decision-courageuse-mais\/","title":{"rendered":"TRANSFORMATION\u00a0 ANNONCEE DE LA BAUXITE EN GUINEE : Une d\u00e9cision courageuse\u00a0 mais \u2026"},"content":{"rendered":"<div>\n<p><img loading=\"lazy\" decoding=\"async\" width=\"284\" height=\"177\" src=\"https:\/\/linitiative.ca\/International\/wp-content\/uploads\/sites\/23\/2022\/04\/guinee.jpg\" class=\"attachment- size- wp-post-image\" alt=\"\" style=\"float:left; margin:0 15px 15px 0;\" srcset=\"https:\/\/linitiative.ca\/International\/wp-content\/uploads\/sites\/23\/2022\/04\/guinee.jpg 284w, https:\/\/lepays.bf\/wp-content\/uploads\/2022\/04\/guinee-150x93.jpg 150w\" sizes=\"auto, (max-width: 284px) 100vw, 284px\">Le\u00a0 CNRD, sous le leadership du colonel Mamady\u00a0 Doumbouya, n\u2019en finit pas de nettoyer les \u00e9curies d\u2019Augias. Pla\u00e7ant l\u2019int\u00e9r\u00eat sup\u00e9rieur de la Guin\u00e9e\u00a0 au dessus\u00a0 de tout, il\u00a0 a pos\u00e9, le 8 avril 2022, \u00a0un acte qui, certainement, restera \u00e0 jamais grav\u00e9 dans les annales [\u2026]<\/p>\n<p>L\u2019article <a rel=\"nofollow\" href=\"https:\/\/lepays.bf\/transformation-annoncee-de-la-bauxite-en-guinee-une-decision-courageuse-mais\/\">TRANSFORMATION\u00a0 ANNONCEE DE LA BAUXITE EN GUINEE : Une d\u00e9cision courageuse\u00a0 mais \u2026<\/a> est apparu en premier sur <a rel=\"nofollow\" href=\"https:\/\/lepays.bf\/\">Editions Le Pays<\/a>.<\/p>\n<\/div>\n<p>Auteur: Editions LEPAYS<br \/>\n<a href=\"https:\/\/lepays.bf\/transformation-annoncee-de-la-bauxite-en-guinee-une-decision-courageuse-mais\/\">Cliquez ici pour lire l&rsquo;article depuis sa source.<\/a><\/p>\n","protected":false},"excerpt":{"rendered":"<p>Le\u00a0 CNRD, sous le leadership du colonel Mamady\u00a0 Doumbouya, n\u2019en finit pas de nettoyer les \u00e9curies d\u2019Augias. Pla\u00e7ant l\u2019int\u00e9r\u00eat sup\u00e9rieur de la Guin\u00e9e\u00a0 au dessus\u00a0 de tout, il\u00a0 a pos\u00e9, le 8 avril 2022, \u00a0un acte qui, certainement, restera \u00e0 jamais grav\u00e9 dans les annales [\u2026] L\u2019article TRANSFORMATION\u00a0 ANNONCEE DE LA BAUXITE EN GUINEE : [&hellip;]<\/p>\n","protected":false},"author":1813,"featured_media":0,"comment_status":"closed","ping_status":"closed","sticky":false,"template":"","format":"standard","meta":{"fifu_image_url":"https:\/\/lepays.bf\/wp-content\/uploads\/2022\/04\/guinee.jpg","fifu_image_alt":"TRANSFORMATION\u00a0 ANNONCEE DE LA BAUXITE EN GUINEE : Une d\u00e9cision courageuse\u00a0 mais \u2026","footnotes":""},"categories":[73,81],"tags":[],"class_list":["post-145330","post","type-post","status-publish","format-standard","hentry","category-actualite","category-burkina-faso"],"_links":{"self":[{"href":"https:\/\/linitiative.ca\/International\/wp-json\/wp\/v2\/posts\/145330","targetHints":{"allow":["GET"]}}],"collection":[{"href":"https:\/\/linitiative.ca\/International\/wp-json\/wp\/v2\/posts"}],"about":[{"href":"https:\/\/linitiative.ca\/International\/wp-json\/wp\/v2\/types\/post"}],"author":[{"embeddable":true,"href":"https:\/\/linitiative.ca\/International\/wp-json\/wp\/v2\/users\/1813"}],"replies":[{"embeddable":true,"href":"https:\/\/linitiative.ca\/International\/wp-json\/wp\/v2\/comments?post=145330"}],"version-history":[{"count":0,"href":"https:\/\/linitiative.ca\/International\/wp-json\/wp\/v2\/posts\/145330\/revisions"}],"wp:attachment":[{"href":"https:\/\/linitiative.ca\/International\/wp-json\/wp\/v2\/media?parent=145330"}],"wp:term":[{"taxonomy":"category","embeddable":true,"href":"https:\/\/linitiative.ca\/International\/wp-json\/wp\/v2\/categories?post=145330"},{"taxonomy":"post_tag","embeddable":true,"href":"https:\/\/linitiative.ca\/International\/wp-json\/wp\/v2\/tags?post=145330"}],"curies":[{"name":"wp","href":"https:\/\/api.w.org\/{rel}","templated":true}]}}