{"id":145332,"date":"2022-04-12T10:27:07","date_gmt":"2022-04-12T14:27:07","guid":{"rendered":"https:\/\/linitiative.ca\/International\/le-front-polisario-rompt-ses-relations-avec-lespagne\/"},"modified":"2022-04-12T10:27:07","modified_gmt":"2022-04-12T14:27:07","slug":"le-front-polisario-rompt-ses-relations-avec-lespagne","status":"publish","type":"post","link":"https:\/\/linitiative.ca\/International\/le-front-polisario-rompt-ses-relations-avec-lespagne\/","title":{"rendered":"Le Front Polisario rompt ses relations avec l\u2019Espagne"},"content":{"rendered":"<div>\n<p>Le Sahara marocain, vaste territoire d\u00e9sertique riche en phosphates et aux eaux tr\u00e8s poissonneuses, est revendiqu\u00e9 par le Front Polisario, le mouvement ind\u00e9pendantiste soutenu par l\u2019Alg\u00e9rie. Dans cette guerre, le royaume ch\u00e9rifien vient de b\u00e9n\u00e9ficier du soutien de l\u2019Espagne qui reconnait dor\u00e9navant la souverainet\u00e9 du Maroc sur le Sahara occidental. Un appui au Maroc\u00a0 qui a \u00e9t\u00e9 confirm\u00e9, selon africanews, par la visite \u00e0 Rabat du Premier ministre espagnol Pedro Sanchez. Pour manifester son m\u00e9contentement, les ind\u00e9pendantistes sahraouis ont d\u00e9cid\u00e9 de rompre les relations \u00a0avec l\u2019Espagne. Pour le Front Polisario, cette rupture \u00a0se justifie par <em>\u00ab\u00a0le principe que l\u2019\u00c9tat espagnol a des responsabilit\u00e9s envers le peuple sahraoui et les Nations unies, \u00e9tant la puissance administratrice du territoire, des responsabilit\u00e9s qui demeurent ainsi imprescriptibles\u00a0\u00bb.<\/em> La fin de cette crise diplomatique a permis au Maroc de rouvrir ce mardi ses liaisons maritimes avec l\u2019Espagne.<\/p>\n<p><strong>AK<\/strong><\/p>\n<p>L\u2019article <a rel=\"nofollow\" href=\"https:\/\/www.sidwaya.info\/blog\/2022\/04\/12\/le-front-polisario-rompt-ses-relations-avec-lespagne\/\">Le Front Polisario rompt ses relations avec l\u2019Espagne<\/a> est apparu en premier sur <a rel=\"nofollow\" href=\"https:\/\/www.sidwaya.info\/\">Quotidien Sidwaya<\/a>.<\/p>\n<\/div>\n<p>Auteur: BS. Sidwaya<br \/>\n<a href=\"https:\/\/www.sidwaya.info\/blog\/2022\/04\/12\/le-front-polisario-rompt-ses-relations-avec-lespagne\/?utm_source=rss&#038;utm_medium=rss&#038;utm_campaign=le-front-polisario-rompt-ses-relations-avec-lespagne\">Cliquez ici pour lire l&rsquo;article depuis sa source.<\/a><\/p>\n","protected":false},"excerpt":{"rendered":"<p>Le Sahara marocain, vaste territoire d\u00e9sertique riche en phosphates et aux eaux tr\u00e8s poissonneuses, est revendiqu\u00e9 par le Front Polisario, le mouvement ind\u00e9pendantiste soutenu par l\u2019Alg\u00e9rie. Dans cette guerre, le royaume ch\u00e9rifien vient de b\u00e9n\u00e9ficier du soutien de l\u2019Espagne qui reconnait dor\u00e9navant la souverainet\u00e9 du Maroc sur le Sahara occidental. Un appui au Maroc\u00a0 qui [&hellip;]<\/p>\n","protected":false},"author":1816,"featured_media":0,"comment_status":"closed","ping_status":"closed","sticky":false,"template":"","format":"standard","meta":{"fifu_image_url":"","fifu_image_alt":"","footnotes":""},"categories":[73,81],"tags":[],"class_list":["post-145332","post","type-post","status-publish","format-standard","hentry","category-actualite","category-burkina-faso"],"_links":{"self":[{"href":"https:\/\/linitiative.ca\/International\/wp-json\/wp\/v2\/posts\/145332","targetHints":{"allow":["GET"]}}],"collection":[{"href":"https:\/\/linitiative.ca\/International\/wp-json\/wp\/v2\/posts"}],"about":[{"href":"https:\/\/linitiative.ca\/International\/wp-json\/wp\/v2\/types\/post"}],"author":[{"embeddable":true,"href":"https:\/\/linitiative.ca\/International\/wp-json\/wp\/v2\/users\/1816"}],"replies":[{"embeddable":true,"href":"https:\/\/linitiative.ca\/International\/wp-json\/wp\/v2\/comments?post=145332"}],"version-history":[{"count":0,"href":"https:\/\/linitiative.ca\/International\/wp-json\/wp\/v2\/posts\/145332\/revisions"}],"wp:attachment":[{"href":"https:\/\/linitiative.ca\/International\/wp-json\/wp\/v2\/media?parent=145332"}],"wp:term":[{"taxonomy":"category","embeddable":true,"href":"https:\/\/linitiative.ca\/International\/wp-json\/wp\/v2\/categories?post=145332"},{"taxonomy":"post_tag","embeddable":true,"href":"https:\/\/linitiative.ca\/International\/wp-json\/wp\/v2\/tags?post=145332"}],"curies":[{"name":"wp","href":"https:\/\/api.w.org\/{rel}","templated":true}]}}