{"id":145334,"date":"2022-04-12T12:36:17","date_gmt":"2022-04-12T16:36:17","guid":{"rendered":"https:\/\/linitiative.ca\/International\/burkina-les-nations-unies-toujours-disposees-a-accompagner-la-transition\/"},"modified":"2022-04-12T12:36:17","modified_gmt":"2022-04-12T16:36:17","slug":"burkina-les-nations-unies-toujours-disposees-a-accompagner-la-transition","status":"publish","type":"post","link":"https:\/\/linitiative.ca\/International\/burkina-les-nations-unies-toujours-disposees-a-accompagner-la-transition\/","title":{"rendered":"Burkina : les Nations unies toujours dispos\u00e9es \u00e0 accompagner la Transition"},"content":{"rendered":"<div>\n<p><strong>Le pr\u00e9sident du Faso, le lieutenant-colonel Paul-Henri Sandaogo Damiba, a re\u00e7u en audience ce mardi 12 avril 2022, le repr\u00e9sentant sp\u00e9cial du secr\u00e9taire g\u00e9n\u00e9ral des Nations unies pour l\u2019Afrique de l\u2019Ouest et le Sahel, Mohamed Saleh Annadif.<\/strong><\/p>\n<p>La conduite de la Transition au Burkina \u00e9tait \u00e0 l\u2019ordre du jour des \u00e9changes entre le chef de l\u2019Etat et M. Saleh Annadif. Il a dit avoir remerci\u00e9 le pr\u00e9sident Damiba pour la lib\u00e9ration de l\u2019ancien Roch Kabor\u00e9 et r\u00e9affirm\u00e9 la disponibilit\u00e9 des Nations Unies \u00e0 accompagner la Transition.<\/p>\n<p>L\u2019article <a rel=\"nofollow\" href=\"https:\/\/www.sidwaya.info\/blog\/2022\/04\/12\/burkina-les-nations-unies-toujours-disposees-a-accompagner-la-transition\/\">Burkina : les Nations unies toujours dispos\u00e9es \u00e0 accompagner la Transition<\/a> est apparu en premier sur <a rel=\"nofollow\" href=\"https:\/\/www.sidwaya.info\/\">Quotidien Sidwaya<\/a>.<\/p>\n<\/div>\n<p>Auteur: BANGRE SIDWAYA<br \/>\n<a href=\"https:\/\/www.sidwaya.info\/blog\/2022\/04\/12\/burkina-les-nations-unies-toujours-disposees-a-accompagner-la-transition\/?utm_source=rss&#038;utm_medium=rss&#038;utm_campaign=burkina-les-nations-unies-toujours-disposees-a-accompagner-la-transition\">Cliquez ici pour lire l&rsquo;article depuis sa source.<\/a><\/p>\n","protected":false},"excerpt":{"rendered":"<p>Le pr\u00e9sident du Faso, le lieutenant-colonel Paul-Henri Sandaogo Damiba, a re\u00e7u en audience ce mardi 12 avril 2022, le repr\u00e9sentant sp\u00e9cial du secr\u00e9taire g\u00e9n\u00e9ral des Nations unies pour l\u2019Afrique de l\u2019Ouest et le Sahel, Mohamed Saleh Annadif. La conduite de la Transition au Burkina \u00e9tait \u00e0 l\u2019ordre du jour des \u00e9changes entre le chef de [&hellip;]<\/p>\n","protected":false},"author":1816,"featured_media":0,"comment_status":"closed","ping_status":"closed","sticky":false,"template":"","format":"standard","meta":{"fifu_image_url":"","fifu_image_alt":"","footnotes":""},"categories":[73,81],"tags":[],"class_list":["post-145334","post","type-post","status-publish","format-standard","hentry","category-actualite","category-burkina-faso"],"_links":{"self":[{"href":"https:\/\/linitiative.ca\/International\/wp-json\/wp\/v2\/posts\/145334","targetHints":{"allow":["GET"]}}],"collection":[{"href":"https:\/\/linitiative.ca\/International\/wp-json\/wp\/v2\/posts"}],"about":[{"href":"https:\/\/linitiative.ca\/International\/wp-json\/wp\/v2\/types\/post"}],"author":[{"embeddable":true,"href":"https:\/\/linitiative.ca\/International\/wp-json\/wp\/v2\/users\/1816"}],"replies":[{"embeddable":true,"href":"https:\/\/linitiative.ca\/International\/wp-json\/wp\/v2\/comments?post=145334"}],"version-history":[{"count":0,"href":"https:\/\/linitiative.ca\/International\/wp-json\/wp\/v2\/posts\/145334\/revisions"}],"wp:attachment":[{"href":"https:\/\/linitiative.ca\/International\/wp-json\/wp\/v2\/media?parent=145334"}],"wp:term":[{"taxonomy":"category","embeddable":true,"href":"https:\/\/linitiative.ca\/International\/wp-json\/wp\/v2\/categories?post=145334"},{"taxonomy":"post_tag","embeddable":true,"href":"https:\/\/linitiative.ca\/International\/wp-json\/wp\/v2\/tags?post=145334"}],"curies":[{"name":"wp","href":"https:\/\/api.w.org\/{rel}","templated":true}]}}