{"id":145335,"date":"2022-04-12T12:53:20","date_gmt":"2022-04-12T16:53:20","guid":{"rendered":"https:\/\/linitiative.ca\/International\/gabon-un-an-de-prison-en-cas-dinjure-envers-une-ethnie\/"},"modified":"2022-04-12T12:53:20","modified_gmt":"2022-04-12T16:53:20","slug":"gabon-un-an-de-prison-en-cas-dinjure-envers-une-ethnie","status":"publish","type":"post","link":"https:\/\/linitiative.ca\/International\/gabon-un-an-de-prison-en-cas-dinjure-envers-une-ethnie\/","title":{"rendered":"Gabon: Un an de prison en cas d\u2019injure envers une ethnie"},"content":{"rendered":"<div>\n<p>Les autorit\u00e9s gabonaises ne veulent plus tol\u00e9rer les troubles \u00e0 l\u2019ordre public \u00e0 travers les injures ethniques. Un article du Code p\u00e9nal gabonais, \u00e0 savoir le num\u00e9ro \u00a0286 \u00a0sanctionne d\u2019un an\u00a0 d\u2019emprisonnement et \u00a0d\u2019une amende d\u2019un million quiconque prononcera une injure envers un groupe de personnes appartenant \u00e0 une ethnie. Au Gabon, l\u2019incivisme de certains citoyens \u00a0s\u2019illustre par des injures envers des \u00a0groupes ethniques.<\/p>\n<p><strong>AK<\/strong><\/p>\n<p><strong>(Sources\u00a0: africa24 et gabonmediatime)<\/strong><\/p>\n<p>\u00a0<\/p>\n<p>\u00a0<\/p>\n<p>L\u2019article <a rel=\"nofollow\" href=\"https:\/\/www.sidwaya.info\/blog\/2022\/04\/12\/gabon-un-an-de-prison-en-cas-dinjure-envers-une-ethnie\/\">Gabon: Un an de prison en cas d\u2019injure envers une ethnie<\/a> est apparu en premier sur <a rel=\"nofollow\" href=\"https:\/\/www.sidwaya.info\/\">Quotidien Sidwaya<\/a>.<\/p>\n<\/div>\n<p>Auteur: BS. Sidwaya<br \/>\n<a href=\"https:\/\/www.sidwaya.info\/blog\/2022\/04\/12\/gabon-un-an-de-prison-en-cas-dinjure-envers-une-ethnie\/?utm_source=rss&#038;utm_medium=rss&#038;utm_campaign=gabon-un-an-de-prison-en-cas-dinjure-envers-une-ethnie\">Cliquez ici pour lire l&rsquo;article depuis sa source.<\/a><\/p>\n","protected":false},"excerpt":{"rendered":"<p>Les autorit\u00e9s gabonaises ne veulent plus tol\u00e9rer les troubles \u00e0 l\u2019ordre public \u00e0 travers les injures ethniques. Un article du Code p\u00e9nal gabonais, \u00e0 savoir le num\u00e9ro \u00a0286 \u00a0sanctionne d\u2019un an\u00a0 d\u2019emprisonnement et \u00a0d\u2019une amende d\u2019un million quiconque prononcera une injure envers un groupe de personnes appartenant \u00e0 une ethnie. Au Gabon, l\u2019incivisme de certains [&hellip;]<\/p>\n","protected":false},"author":1816,"featured_media":0,"comment_status":"closed","ping_status":"closed","sticky":false,"template":"","format":"standard","meta":{"fifu_image_url":"","fifu_image_alt":"","footnotes":""},"categories":[73,81],"tags":[],"class_list":["post-145335","post","type-post","status-publish","format-standard","hentry","category-actualite","category-burkina-faso"],"_links":{"self":[{"href":"https:\/\/linitiative.ca\/International\/wp-json\/wp\/v2\/posts\/145335","targetHints":{"allow":["GET"]}}],"collection":[{"href":"https:\/\/linitiative.ca\/International\/wp-json\/wp\/v2\/posts"}],"about":[{"href":"https:\/\/linitiative.ca\/International\/wp-json\/wp\/v2\/types\/post"}],"author":[{"embeddable":true,"href":"https:\/\/linitiative.ca\/International\/wp-json\/wp\/v2\/users\/1816"}],"replies":[{"embeddable":true,"href":"https:\/\/linitiative.ca\/International\/wp-json\/wp\/v2\/comments?post=145335"}],"version-history":[{"count":0,"href":"https:\/\/linitiative.ca\/International\/wp-json\/wp\/v2\/posts\/145335\/revisions"}],"wp:attachment":[{"href":"https:\/\/linitiative.ca\/International\/wp-json\/wp\/v2\/media?parent=145335"}],"wp:term":[{"taxonomy":"category","embeddable":true,"href":"https:\/\/linitiative.ca\/International\/wp-json\/wp\/v2\/categories?post=145335"},{"taxonomy":"post_tag","embeddable":true,"href":"https:\/\/linitiative.ca\/International\/wp-json\/wp\/v2\/tags?post=145335"}],"curies":[{"name":"wp","href":"https:\/\/api.w.org\/{rel}","templated":true}]}}