{"id":145341,"date":"2022-04-12T10:18:03","date_gmt":"2022-04-12T14:18:03","guid":{"rendered":"https:\/\/linitiative.ca\/International\/ouganda-un-chercheur-colombien-pietine-par-un-elephant\/"},"modified":"2022-04-12T10:18:03","modified_gmt":"2022-04-12T14:18:03","slug":"ouganda-un-chercheur-colombien-pietine-par-un-elephant","status":"publish","type":"post","link":"https:\/\/linitiative.ca\/International\/ouganda-un-chercheur-colombien-pietine-par-un-elephant\/","title":{"rendered":"Ouganda : un chercheur colombien pi\u00e9tin\u00e9 par un \u00e9l\u00e9phant"},"content":{"rendered":"<div>\n<p><img decoding=\"async\" width=\"940\" height=\"497\" src=\"https:\/\/linitiative.ca\/International\/wp-content\/uploads\/sites\/23\/2022\/04\/16497730849979.jpg\" class=\"attachment-post-thumbnail size-post-thumbnail wp-post-image\" alt=\"\" loading=\"lazy\" srcset=\"https:\/\/linitiative.ca\/International\/wp-content\/uploads\/sites\/23\/2022\/04\/16497730849979.jpg 940w, https:\/\/www.journalducameroun.com\/wp-content\/uploads\/2022\/04\/16497730849979-300x159.jpg 300w, https:\/\/www.journalducameroun.com\/wp-content\/uploads\/2022\/04\/16497730849979-768x406.jpg 768w, https:\/\/www.journalducameroun.com\/wp-content\/uploads\/2022\/04\/16497730849979-832x440.jpg 832w, https:\/\/www.journalducameroun.com\/wp-content\/uploads\/2022\/04\/16497730849979-600x317.jpg 600w\" sizes=\"auto, (max-width: 940px) 100vw, 940px\"><\/p>\n<p>Ce nouveau drame survient deux mois apr\u00e8s la mort d&rsquo;un Saoudien tu\u00e9 par un \u00e9l\u00e9phant lors d&rsquo;un safari.Le parc national de Kibale, dans l&rsquo;ouest de l&rsquo;Ouganda a \u00e9t\u00e9 le th\u00e9\u00e2tre le lieu d&rsquo;une sc\u00e8ne assez rare. Sebastian Ramirez Amaya, chercheur bas\u00e9 \u00e0 l&rsquo;Universit\u00e9 de l&rsquo;\u00c9tat d&rsquo;Arizona (Etats-Unis), y a perdu la vie dans le cadre de ses recherches. En janvier, un saoudien qui \u00e9tait descendu de sa victoire dans le cadre d&rsquo;un safari a \u00e9t\u00e9 tu\u00e9 par un \u00e9l\u00e9phant dans le parc Murchison Falls.<\/p>\n<p>\u00ab Ils (le groupe) sont tomb\u00e9s sur un \u00e9l\u00e9phant solitaire qui les a charg\u00e9s, les for\u00e7ant \u00e0 courir dans des directions diff\u00e9rentes. L&rsquo;\u00e9l\u00e9phant a poursuivi Sebastian et l&rsquo;a pi\u00e9tin\u00e9, ce qui a entra\u00een\u00e9 sa mort \u00bb\u00a0a indiqu\u00e9 dans un communiqu\u00e9 l&rsquo;autorit\u00e9. \u00a0<\/p>\n<p>Un fait in\u00e9dit dans ce parc qui n&rsquo;a pas connu pareil drame au cours des 50 derni\u00e8res ann\u00e9es de recherche foresti\u00e8re a ajout\u00e9 le communiqu\u00e9<\/p>\n<p>Souvent r\u00e9put\u00e9 pour sa faune, le parc national de Kibale est connu pour ces chimpanz\u00e9s. Outre les primates, il y a environ 60 esp\u00e8ces de mammif\u00e8res dont les \u00e9l\u00e9phants de for\u00eat d&rsquo;Afrique.<\/p>\n<p>Cet article <a rel=\"nofollow\" href=\"https:\/\/www.journalducameroun.com\/ouganda-un-chercheur-colombien-pietine-par-un-elephant\/\">Ouganda : un chercheur colombien pi\u00e9tin\u00e9 par un \u00e9l\u00e9phant<\/a> est apparu en premier sur <a rel=\"nofollow\" href=\"https:\/\/www.journalducameroun.com\/\">Journal du Cameroun<\/a>.<\/p>\n<\/div>\n<p>Auteur: APA News<br \/>\n<a href=\"https:\/\/www.journalducameroun.com\/ouganda-un-chercheur-colombien-pietine-par-un-elephant\/\">Cliquez ici pour lire l&rsquo;article depuis sa source.<\/a><\/p>\n","protected":false},"excerpt":{"rendered":"<p>Ce nouveau drame survient deux mois apr\u00e8s la mort d&rsquo;un Saoudien tu\u00e9 par un \u00e9l\u00e9phant lors d&rsquo;un safari.Le parc national de Kibale, dans l&rsquo;ouest de l&rsquo;Ouganda a \u00e9t\u00e9 le th\u00e9\u00e2tre le lieu d&rsquo;une sc\u00e8ne assez rare. Sebastian Ramirez Amaya, chercheur bas\u00e9 \u00e0 l&rsquo;Universit\u00e9 de l&rsquo;\u00c9tat d&rsquo;Arizona (Etats-Unis), y a perdu la vie dans le cadre [&hellip;]<\/p>\n","protected":false},"author":1965,"featured_media":0,"comment_status":"closed","ping_status":"closed","sticky":false,"template":"","format":"standard","meta":{"fifu_image_url":"https:\/\/www.journalducameroun.com\/wp-content\/uploads\/2022\/04\/16497730849979.jpg","fifu_image_alt":"Ouganda : un chercheur colombien pi\u00e9tin\u00e9 par un \u00e9l\u00e9phant","footnotes":""},"categories":[73,82],"tags":[],"class_list":["post-145341","post","type-post","status-publish","format-standard","hentry","category-actualite","category-cameroun"],"_links":{"self":[{"href":"https:\/\/linitiative.ca\/International\/wp-json\/wp\/v2\/posts\/145341","targetHints":{"allow":["GET"]}}],"collection":[{"href":"https:\/\/linitiative.ca\/International\/wp-json\/wp\/v2\/posts"}],"about":[{"href":"https:\/\/linitiative.ca\/International\/wp-json\/wp\/v2\/types\/post"}],"author":[{"embeddable":true,"href":"https:\/\/linitiative.ca\/International\/wp-json\/wp\/v2\/users\/1965"}],"replies":[{"embeddable":true,"href":"https:\/\/linitiative.ca\/International\/wp-json\/wp\/v2\/comments?post=145341"}],"version-history":[{"count":0,"href":"https:\/\/linitiative.ca\/International\/wp-json\/wp\/v2\/posts\/145341\/revisions"}],"wp:attachment":[{"href":"https:\/\/linitiative.ca\/International\/wp-json\/wp\/v2\/media?parent=145341"}],"wp:term":[{"taxonomy":"category","embeddable":true,"href":"https:\/\/linitiative.ca\/International\/wp-json\/wp\/v2\/categories?post=145341"},{"taxonomy":"post_tag","embeddable":true,"href":"https:\/\/linitiative.ca\/International\/wp-json\/wp\/v2\/tags?post=145341"}],"curies":[{"name":"wp","href":"https:\/\/api.w.org\/{rel}","templated":true}]}}