{"id":145343,"date":"2022-04-12T10:18:03","date_gmt":"2022-04-12T14:18:03","guid":{"rendered":"https:\/\/linitiative.ca\/International\/afrique-du-sud-lonu-sinquiete-des-violences-xenophobes\/"},"modified":"2022-04-12T10:18:03","modified_gmt":"2022-04-12T14:18:03","slug":"afrique-du-sud-lonu-sinquiete-des-violences-xenophobes","status":"publish","type":"post","link":"https:\/\/linitiative.ca\/International\/afrique-du-sud-lonu-sinquiete-des-violences-xenophobes\/","title":{"rendered":"Afrique du Sud : l\u2019Onu s\u2019inqui\u00e8te des violences x\u00e9nophobes"},"content":{"rendered":"<div>\n<p><img decoding=\"async\" width=\"588\" height=\"284\" src=\"https:\/\/linitiative.ca\/International\/wp-content\/uploads\/sites\/23\/2022\/04\/16497730831665.jpg\" class=\"attachment-post-thumbnail size-post-thumbnail wp-post-image\" alt=\"\" loading=\"lazy\" srcset=\"https:\/\/linitiative.ca\/International\/wp-content\/uploads\/sites\/23\/2022\/04\/16497730831665.jpg 588w, https:\/\/www.journalducameroun.com\/wp-content\/uploads\/2022\/04\/16497730831665-300x145.jpg 300w\" sizes=\"auto, (max-width: 588px) 100vw, 588px\"><\/p>\n<p>Les Nations Unies ont not\u00e9 avec une \u00ab grande inqui\u00e9tude \u00bb les derniers actes de violence, d&rsquo;intimidation et de harc\u00e8lement contre les ressortissants \u00e9trangers en Afrique du Sud.Selon le Coordinateur r\u00e9sident des Nations Unies par int\u00e9rim, Ayodele Odusola qui s&rsquo;est exprim\u00e9 mardi, le gouvernement sud-africain a ratifi\u00e9 plusieurs instruments internationaux relatifs aux droits de l&rsquo;homme et aux r\u00e9fugi\u00e9s qui faisaient partie int\u00e9grante du droit national.<\/p>\n<p>Cette mise au point du repr\u00e9sentant des Nations unies intervient apr\u00e8s la mort d&rsquo;Elvis Nyathi, tu\u00e9 dans le township de Diepsloot \u00e0 Johannesburg, la semaine derni\u00e8re.<\/p>\n<p>\u00ab Il est profond\u00e9ment inqui\u00e9tant et malheureux que cela se produise dans un pays dot\u00e9 de l&rsquo;une des constitutions les plus inclusives au monde \u00bb, a d\u00e9clar\u00e9 M. Odusola.<\/p>\n<p>Et d&rsquo;ajouter : \u00ab Ces derniers temps, nous avons constat\u00e9 avec une profonde inqui\u00e9tude que des mouvements tels que l&rsquo;Op\u00e9ration Dudula (un groupe d&rsquo;autod\u00e9fense) forcent ill\u00e9galement les personnes suspect\u00e9es d&rsquo;\u00eatre des \u00e9trangers sans papiers \u00e0 montrer leurs papiers \u00bb.<\/p>\n<p>\u00ab Cela exige que les droits de l&rsquo;homme de toutes les personnes r\u00e9sidant en Afrique du Sud, ind\u00e9pendamment de leur nationalit\u00e9 ou de leur statut d&rsquo;immigration, soient respect\u00e9s \u00e0 tout moment \u00bb, a d\u00e9clar\u00e9 le diplomate onusien, ajoutant que cela incluait les individus qui pouvaient \u00eatre \u00ab des r\u00e9fugi\u00e9s, des demandeurs d&rsquo;asile ou des apatrides \u00bb.<\/p>\n<p>Selon lui, \u00ab l&rsquo;Onu s&rsquo;en tient aux r\u00e9centes d\u00e9clarations des repr\u00e9sentants du gouvernement, s&rsquo;opposant aux actions des manifestants violents et exhortant les gens \u00e0 ne pas se faire justice eux-m\u00eames \u00bb.<\/p>\n<p>Cet article <a rel=\"nofollow\" href=\"https:\/\/www.journalducameroun.com\/afrique-du-sud-lonu-sinquiete-des-violences-xenophobes\/\">Afrique du Sud : l\u2019Onu s\u2019inqui\u00e8te des violences x\u00e9nophobes<\/a> est apparu en premier sur <a rel=\"nofollow\" href=\"https:\/\/www.journalducameroun.com\/\">Journal du Cameroun<\/a>.<\/p>\n<\/div>\n<p>Auteur: APA News<br \/>\n<a href=\"https:\/\/www.journalducameroun.com\/afrique-du-sud-lonu-sinquiete-des-violences-xenophobes\/\">Cliquez ici pour lire l&rsquo;article depuis sa source.<\/a><\/p>\n","protected":false},"excerpt":{"rendered":"<p>Les Nations Unies ont not\u00e9 avec une \u00ab grande inqui\u00e9tude \u00bb les derniers actes de violence, d&rsquo;intimidation et de harc\u00e8lement contre les ressortissants \u00e9trangers en Afrique du Sud.Selon le Coordinateur r\u00e9sident des Nations Unies par int\u00e9rim, Ayodele Odusola qui s&rsquo;est exprim\u00e9 mardi, le gouvernement sud-africain a ratifi\u00e9 plusieurs instruments internationaux relatifs aux droits de l&rsquo;homme [&hellip;]<\/p>\n","protected":false},"author":1965,"featured_media":0,"comment_status":"closed","ping_status":"closed","sticky":false,"template":"","format":"standard","meta":{"fifu_image_url":"https:\/\/www.journalducameroun.com\/wp-content\/uploads\/2022\/04\/16497730831665.jpg","fifu_image_alt":"Afrique du Sud : l\u2019Onu s\u2019inqui\u00e8te des violences x\u00e9nophobes","footnotes":""},"categories":[73,82],"tags":[],"class_list":["post-145343","post","type-post","status-publish","format-standard","hentry","category-actualite","category-cameroun"],"_links":{"self":[{"href":"https:\/\/linitiative.ca\/International\/wp-json\/wp\/v2\/posts\/145343","targetHints":{"allow":["GET"]}}],"collection":[{"href":"https:\/\/linitiative.ca\/International\/wp-json\/wp\/v2\/posts"}],"about":[{"href":"https:\/\/linitiative.ca\/International\/wp-json\/wp\/v2\/types\/post"}],"author":[{"embeddable":true,"href":"https:\/\/linitiative.ca\/International\/wp-json\/wp\/v2\/users\/1965"}],"replies":[{"embeddable":true,"href":"https:\/\/linitiative.ca\/International\/wp-json\/wp\/v2\/comments?post=145343"}],"version-history":[{"count":0,"href":"https:\/\/linitiative.ca\/International\/wp-json\/wp\/v2\/posts\/145343\/revisions"}],"wp:attachment":[{"href":"https:\/\/linitiative.ca\/International\/wp-json\/wp\/v2\/media?parent=145343"}],"wp:term":[{"taxonomy":"category","embeddable":true,"href":"https:\/\/linitiative.ca\/International\/wp-json\/wp\/v2\/categories?post=145343"},{"taxonomy":"post_tag","embeddable":true,"href":"https:\/\/linitiative.ca\/International\/wp-json\/wp\/v2\/tags?post=145343"}],"curies":[{"name":"wp","href":"https:\/\/api.w.org\/{rel}","templated":true}]}}