{"id":145347,"date":"2022-04-12T12:18:03","date_gmt":"2022-04-12T16:18:03","guid":{"rendered":"https:\/\/linitiative.ca\/International\/le-senegal-en-quete-de-souverainete-alimentaire\/"},"modified":"2022-04-12T12:18:03","modified_gmt":"2022-04-12T16:18:03","slug":"le-senegal-en-quete-de-souverainete-alimentaire","status":"publish","type":"post","link":"https:\/\/linitiative.ca\/International\/le-senegal-en-quete-de-souverainete-alimentaire\/","title":{"rendered":"Le S\u00e9n\u00e9gal en qu\u00eate de souverainet\u00e9 alimentaire"},"content":{"rendered":"<div>\n<p><img decoding=\"async\" width=\"720\" height=\"480\" src=\"https:\/\/linitiative.ca\/International\/wp-content\/uploads\/sites\/23\/2022\/04\/16497802834399.jpg\" class=\"attachment-post-thumbnail size-post-thumbnail wp-post-image\" alt=\"\" loading=\"lazy\" srcset=\"https:\/\/linitiative.ca\/International\/wp-content\/uploads\/sites\/23\/2022\/04\/16497802834399.jpg 720w, https:\/\/www.journalducameroun.com\/wp-content\/uploads\/2022\/04\/16497802834399-300x200.jpg 300w, https:\/\/www.journalducameroun.com\/wp-content\/uploads\/2022\/04\/16497802834399-660x440.jpg 660w, https:\/\/www.journalducameroun.com\/wp-content\/uploads\/2022\/04\/16497802834399-600x400.jpg 600w\" sizes=\"auto, (max-width: 720px) 100vw, 720px\"><\/p>\n<p>Face \u00e0 la multiplication des chocs exog\u00e8nes qui menacent son approvisionnement en denr\u00e9es de premi\u00e8re n\u00e9cessit\u00e9, le S\u00e9n\u00e9gal mise sur sa production locale.En 2019, la balance commerciale sur les biens du S\u00e9n\u00e9gal est ressortie avec un d\u00e9ficit de 2244 milliards FCFA. Cette situation r\u00e9v\u00e8le le volume encore tr\u00e8s important des importations (4229,3 milliards CFA) par rapport aux exportations (1985 milliards CFA). Elle d\u00e9montre aussi la forte d\u00e9pendance du pays au reste du monde.<\/p>\n<p>Pour inverser cette tendance et se mettre \u00e0 l&rsquo;abri des conjonctures externes, Dakar compte s&rsquo;appuyer sur le m\u00e9canisme de l&rsquo;import-substitution. Celui-ci consiste en une \u00ab assimilation du processus d&rsquo;industrialisation dans les pays en voie de d\u00e9veloppement et la substitution progressive des produits de l&rsquo;industrie locale aux biens import\u00e9s \u00bb, a expliqu\u00e9 le ministre en charge du suivi du Plan S\u00e9n\u00e9gal Emergent (PSE), Abdou Karim Fofana.<\/p>\n<p>Il s&rsquo;exprimait \u00e0 l&rsquo;ouverture d&rsquo;un atelier de validation de l&rsquo;\u00e9tude import-substitution au S\u00e9n\u00e9gal.<\/p>\n<p>Dans cette qu\u00eate de souverainet\u00e9 alimentaire, mais aussi pharmaceutique et sanitaire, le secteur priv\u00e9 local et les Zones \u00e9conomiques sp\u00e9ciales en cours de r\u00e9alisation ont un grand r\u00f4le \u00e0 jouer. Afin d&rsquo;encourager les investisseurs nationaux et internationaux \u00e0 y investir, des r\u00e9formes structurelles seront entreprises \u00e0 travers notamment la mise en place d&rsquo;un cadre l\u00e9gislatif et r\u00e9glementaire favorable \u00e0 l&rsquo;import substitution.<\/p>\n<p>La strat\u00e9gie d&rsquo;industrialisation qui porte sur la substitution de ces produits a \u00e9t\u00e9 d\u00e9clin\u00e9e en trois phases. Premi\u00e8rement, les produits cibl\u00e9s sont essentiellement les biens de consommation faisant l&rsquo;objet d&rsquo;une production locale.<\/p>\n<p>Ensuite, les industries l\u00e9g\u00e8res sont cibl\u00e9es pour se substituer aux importations et cr\u00e9er des interactions avec les PME\/PMI pour se doter en intrants. Cette phase concerne essentiellement les industries dont l&rsquo;intensit\u00e9 capitalistique n&rsquo;est pas tr\u00e8s \u00e9lev\u00e9e.<\/p>\n<p>La troisi\u00e8me et derni\u00e8re phase porte sur les industries de production de biens d&rsquo;\u00e9quipements et celles n\u00e9cessitant des investissements lourds.<\/p>\n<p>L&rsquo;op\u00e9rationnalisation de ce programme reposera sur des acteurs institutionnels comme l&rsquo;Agence du d\u00e9veloppement et d&rsquo;encadrement des petites et moyennes entreprises (ADEPME), le Fonds souverain d&rsquo;investissements strat\u00e9giques (Fonsis), l&rsquo;Agence pour la promotion des investissements et grands travaux (APIX) et le Fonds de garantie des investissements prioritaires (Fongip).<\/p>\n<p>Ces diff\u00e9rentes structures \u0153uvreront au profilage et l&rsquo;assistance technique aux potentiels champions, au renforcement des structures financi\u00e8res des entreprises par une intervention en capital, la facilitation du processus d&rsquo;investissement et l&rsquo;\u00e9ventuel financement bancaire.<\/p>\n<p>\u00ab Ce travail permettra de mieux orienter notre politique de d\u00e9veloppement endog\u00e8ne, mais \u00e9galement d&rsquo;ajuster l&rsquo;orientation de nos Zones \u00e9conomiques sp\u00e9ciales, initialement con\u00e7ues pour booster nos exportations \u00bb, s&rsquo;est r\u00e9joui le ministre de l&rsquo;Economie, du Plan et de la Coop\u00e9ration, Amadou Hott.<\/p>\n<p>A en croire ce dernier, le chantier de la relance \u00e9conomique dans lequel nous nous sommes engag\u00e9s ne pourra aboutir aux r\u00e9sultats escompt\u00e9s sans \u00ab le produire local \u00bb et \u00ab le consommer local \u00bb adoss\u00e9s \u00e0 des partenariats forts int\u00e9grant toujours les dimensions \u00ab contenu local \u00bb et \u00ab transfert de technologies \u00bb.<\/p>\n<p>Cet article <a rel=\"nofollow\" href=\"https:\/\/www.journalducameroun.com\/le-senegal-en-quete-de-souverainete-alimentaire\/\">Le S\u00e9n\u00e9gal en qu\u00eate de souverainet\u00e9 alimentaire<\/a> est apparu en premier sur <a rel=\"nofollow\" href=\"https:\/\/www.journalducameroun.com\/\">Journal du Cameroun<\/a>.<\/p>\n<\/div>\n<p>Auteur: APA News<br \/>\n<a href=\"https:\/\/www.journalducameroun.com\/le-senegal-en-quete-de-souverainete-alimentaire\/\">Cliquez ici pour lire l&rsquo;article depuis sa source.<\/a><\/p>\n","protected":false},"excerpt":{"rendered":"<p>Face \u00e0 la multiplication des chocs exog\u00e8nes qui menacent son approvisionnement en denr\u00e9es de premi\u00e8re n\u00e9cessit\u00e9, le S\u00e9n\u00e9gal mise sur sa production locale.En 2019, la balance commerciale sur les biens du S\u00e9n\u00e9gal est ressortie avec un d\u00e9ficit de 2244 milliards FCFA. Cette situation r\u00e9v\u00e8le le volume encore tr\u00e8s important des importations (4229,3 milliards CFA) par [&hellip;]<\/p>\n","protected":false},"author":1965,"featured_media":0,"comment_status":"closed","ping_status":"closed","sticky":false,"template":"","format":"standard","meta":{"fifu_image_url":"https:\/\/www.journalducameroun.com\/wp-content\/uploads\/2022\/04\/16497802834399.jpg","fifu_image_alt":"Le S\u00e9n\u00e9gal en qu\u00eate de souverainet\u00e9 alimentaire","footnotes":""},"categories":[73,82],"tags":[],"class_list":["post-145347","post","type-post","status-publish","format-standard","hentry","category-actualite","category-cameroun"],"_links":{"self":[{"href":"https:\/\/linitiative.ca\/International\/wp-json\/wp\/v2\/posts\/145347","targetHints":{"allow":["GET"]}}],"collection":[{"href":"https:\/\/linitiative.ca\/International\/wp-json\/wp\/v2\/posts"}],"about":[{"href":"https:\/\/linitiative.ca\/International\/wp-json\/wp\/v2\/types\/post"}],"author":[{"embeddable":true,"href":"https:\/\/linitiative.ca\/International\/wp-json\/wp\/v2\/users\/1965"}],"replies":[{"embeddable":true,"href":"https:\/\/linitiative.ca\/International\/wp-json\/wp\/v2\/comments?post=145347"}],"version-history":[{"count":0,"href":"https:\/\/linitiative.ca\/International\/wp-json\/wp\/v2\/posts\/145347\/revisions"}],"wp:attachment":[{"href":"https:\/\/linitiative.ca\/International\/wp-json\/wp\/v2\/media?parent=145347"}],"wp:term":[{"taxonomy":"category","embeddable":true,"href":"https:\/\/linitiative.ca\/International\/wp-json\/wp\/v2\/categories?post=145347"},{"taxonomy":"post_tag","embeddable":true,"href":"https:\/\/linitiative.ca\/International\/wp-json\/wp\/v2\/tags?post=145347"}],"curies":[{"name":"wp","href":"https:\/\/api.w.org\/{rel}","templated":true}]}}