{"id":145349,"date":"2022-04-12T16:18:03","date_gmt":"2022-04-12T20:18:03","guid":{"rendered":"https:\/\/linitiative.ca\/International\/lafrique-face-a-d-immenses-defis-organisation\/"},"modified":"2022-04-12T16:18:03","modified_gmt":"2022-04-12T20:18:03","slug":"lafrique-face-a-d-immenses-defis-organisation","status":"publish","type":"post","link":"https:\/\/linitiative.ca\/International\/lafrique-face-a-d-immenses-defis-organisation\/","title":{"rendered":"L\u2019Afrique face \u00e0 d\u2019\u00ab immenses d\u00e9fis \u00bb (organisation)"},"content":{"rendered":"<div>\n<p><img decoding=\"async\" width=\"225\" height=\"224\" src=\"https:\/\/linitiative.ca\/International\/wp-content\/uploads\/sites\/23\/2022\/04\/16497946835655.jpg\" class=\"attachment-post-thumbnail size-post-thumbnail wp-post-image\" alt=\"\" loading=\"lazy\" srcset=\"https:\/\/linitiative.ca\/International\/wp-content\/uploads\/sites\/23\/2022\/04\/16497946835655.jpg 225w, https:\/\/www.journalducameroun.com\/wp-content\/uploads\/2022\/04\/16497946835655-150x150.jpg 150w, https:\/\/www.journalducameroun.com\/wp-content\/uploads\/2022\/04\/16497946835655-60x60.jpg 60w, https:\/\/www.journalducameroun.com\/wp-content\/uploads\/2022\/04\/16497946835655-100x100.jpg 100w\" sizes=\"auto, (max-width: 225px) 100vw, 225px\"><\/p>\n<p>La Ligue africaine des blogueurs et web activistes pour la d\u00e9mocratie (AfricTivistes) souligne la n\u00e9cessit\u00e9 pour le continent noir de prendre \u00e0 bras-le-corps les probl\u00e8mes \u00ab environnementaux et s\u00e9curitaires \u00bb.Au Sahel, par exemple, la situation s\u00e9curitaire est critique. \u00ab Cette atmosph\u00e8re de terreur (\u2026) amplifie les situations de pr\u00e9carit\u00e9. L&rsquo;enjeu reste alors l&rsquo;acceptation et la priorisation de ces d\u00e9fis \u00e0 tous les niveaux de d\u00e9cision, mais \u00e9galement la collaboration et l&rsquo;inclusion des acteurs de la soci\u00e9t\u00e9 civile et des autorit\u00e9s locales dans les politiques publiques \u00bb, soutient Cheikh Fall, pr\u00e9sident d&rsquo;AfricTivistes, cit\u00e9 dans le rapport d&rsquo;activit\u00e9s 2021-2022 de l&rsquo;organisation.<\/p>\n<p>Pour redresser la barre, indique M. Fall, il y a un pr\u00e9alable : \u00ab Cela n\u00e9cessite une pr\u00e9paration, une compr\u00e9hension des probl\u00e9matiques majeures du continent et des enjeux que cela repr\u00e9sente. D&rsquo;o\u00f9 l&rsquo;importance de former les jeunes africains sur des th\u00e9matiques telles que les in\u00e9galit\u00e9s dans le Sahel \u00bb.<\/p>\n<p>De l&rsquo;avis de l&rsquo;activiste, l&rsquo;ann\u00e9e 2021, \u00ab en plus de nous donner une lueur d&rsquo;espoir, nous a enseign\u00e9 que le sens des int\u00e9r\u00eats communs, la force de la r\u00e9silience, l&rsquo;apport inestimable de la technologie et l&rsquo;avanc\u00e9e de la science constituent des r\u00e9ponses structurelles aux questions de l&rsquo;heure, et aux interpellations quotidiennes \u00bb.<\/p>\n<p>A propos des coups d&rsquo;Etat et les instabilit\u00e9s politiques et institutionnelles qu&rsquo;ils engendrent, le pr\u00e9sident de la Ligue africaine des blogueurs et web activistes pour la d\u00e9mocratie (AfricTivistes) estime qu&rsquo;on sape les efforts faits jusque-l\u00e0 pour pr\u00e9server la d\u00e9mocratie en Afrique.<\/p>\n<p>\u00ab Les d\u00e9fis restent toujours immenses et la sensibilisation des forces vives africaines est une exigence pour pr\u00e9venir les crises ou les g\u00e9rer en cas de survenance en respectant les chartes et textes fondamentaux en vigueur. Nous sommes convaincus que les communaut\u00e9s et les acteurs doivent \u00eatre davantage sensibilis\u00e9s sur l&rsquo;existence de m\u00e9canismes ou d&rsquo;instruments juridiques comme la Charte africaine de la d\u00e9mocratie, des \u00e9lections et de la gouvernance (Cadeg) \u00bb, explique Cheikh Fall.<\/p>\n<p>Concluant son propos, il appelle les gouvernants \u00e0 \u0153uvrer \u00e0 la r\u00e9duction des in\u00e9galit\u00e9s \u00ab dues en partie aux mauvaises politiques, notamment un sous-investissement dans les secteurs prioritaires : acc\u00e8s \u00e0 l&rsquo;eau, \u00e0 l&rsquo;\u00e9lectricit\u00e9, aux services de sant\u00e9 (couverture sanitaire, personnel et mat\u00e9riel), \u00e0 l&rsquo;\u00e9ducation de qualit\u00e9, etc. \u00bb<\/p>\n<p>Cet article <a rel=\"nofollow\" href=\"https:\/\/www.journalducameroun.com\/lafrique-face-a-d-immenses-defis-organisation\/\">L\u2019Afrique face \u00e0 d\u2019\u00ab immenses d\u00e9fis \u00bb (organisation)<\/a> est apparu en premier sur <a rel=\"nofollow\" href=\"https:\/\/www.journalducameroun.com\/\">Journal du Cameroun<\/a>.<\/p>\n<\/div>\n<p>Auteur: APA News<br \/>\n<a href=\"https:\/\/www.journalducameroun.com\/lafrique-face-a-d-immenses-defis-organisation\/\">Cliquez ici pour lire l&rsquo;article depuis sa source.<\/a><\/p>\n","protected":false},"excerpt":{"rendered":"<p>La Ligue africaine des blogueurs et web activistes pour la d\u00e9mocratie (AfricTivistes) souligne la n\u00e9cessit\u00e9 pour le continent noir de prendre \u00e0 bras-le-corps les probl\u00e8mes \u00ab environnementaux et s\u00e9curitaires \u00bb.Au Sahel, par exemple, la situation s\u00e9curitaire est critique. \u00ab Cette atmosph\u00e8re de terreur (\u2026) amplifie les situations de pr\u00e9carit\u00e9. L&rsquo;enjeu reste alors l&rsquo;acceptation et la [&hellip;]<\/p>\n","protected":false},"author":1965,"featured_media":0,"comment_status":"closed","ping_status":"closed","sticky":false,"template":"","format":"standard","meta":{"fifu_image_url":"https:\/\/www.journalducameroun.com\/wp-content\/uploads\/2022\/04\/16497946835655.jpg","fifu_image_alt":"L\u2019Afrique face \u00e0 d\u2019\u00ab immenses d\u00e9fis \u00bb (organisation)","footnotes":""},"categories":[73,82],"tags":[],"class_list":["post-145349","post","type-post","status-publish","format-standard","hentry","category-actualite","category-cameroun"],"_links":{"self":[{"href":"https:\/\/linitiative.ca\/International\/wp-json\/wp\/v2\/posts\/145349","targetHints":{"allow":["GET"]}}],"collection":[{"href":"https:\/\/linitiative.ca\/International\/wp-json\/wp\/v2\/posts"}],"about":[{"href":"https:\/\/linitiative.ca\/International\/wp-json\/wp\/v2\/types\/post"}],"author":[{"embeddable":true,"href":"https:\/\/linitiative.ca\/International\/wp-json\/wp\/v2\/users\/1965"}],"replies":[{"embeddable":true,"href":"https:\/\/linitiative.ca\/International\/wp-json\/wp\/v2\/comments?post=145349"}],"version-history":[{"count":0,"href":"https:\/\/linitiative.ca\/International\/wp-json\/wp\/v2\/posts\/145349\/revisions"}],"wp:attachment":[{"href":"https:\/\/linitiative.ca\/International\/wp-json\/wp\/v2\/media?parent=145349"}],"wp:term":[{"taxonomy":"category","embeddable":true,"href":"https:\/\/linitiative.ca\/International\/wp-json\/wp\/v2\/categories?post=145349"},{"taxonomy":"post_tag","embeddable":true,"href":"https:\/\/linitiative.ca\/International\/wp-json\/wp\/v2\/tags?post=145349"}],"curies":[{"name":"wp","href":"https:\/\/api.w.org\/{rel}","templated":true}]}}