{"id":145355,"date":"2022-04-12T13:43:02","date_gmt":"2022-04-12T17:43:02","guid":{"rendered":"https:\/\/linitiative.ca\/International\/transport-aerien-vers-une-ligne-directe-entre-la-tunisie-et-le-cameroun\/"},"modified":"2022-04-12T13:43:02","modified_gmt":"2022-04-12T17:43:02","slug":"transport-aerien-vers-une-ligne-directe-entre-la-tunisie-et-le-cameroun","status":"publish","type":"post","link":"https:\/\/linitiative.ca\/International\/transport-aerien-vers-une-ligne-directe-entre-la-tunisie-et-le-cameroun\/","title":{"rendered":"Transport a\u00e9rien :\u00a0vers une ligne directe entre la Tunisie et le Cameroun"},"content":{"rendered":"<div>\n<p>S\u2019achemine-t-on vers l\u2019op\u00e9rationnalisation d\u2019une ligne directe reliant la Tunisie et le Cameroun\u00a0? C\u2019est ce \u00e0 quoi aspire les deux pays. Le 08 avril 2022, le ministre des Transports a re\u00e7u, en audience, une d\u00e9l\u00e9gation de la compagnie nationale a\u00e9rienne tunisienne \u00ab\u00a0Tunisair\u00a0\u00bb conduite par le conseiller \u00e9conomique \u00e0 l\u2019ambassade de Tunisie au Cameroun.<\/p>\n<p>\u00c9taient \u00e9galement pr\u00e9sents \u00e0 cette audience, le conseiller technique num\u00e9ro 1 du minist\u00e8re des Transports, le Chef de la Division des \u00c9tudes, de la Planification, de la Programmation et de la Coop\u00e9ration, cot\u00e9 camerounais et le directeur central du produit et du Chef de D\u00e9partement Afrique et Moyen Orient, c\u00f4t\u00e9 Tunisien.<\/p>\n<p><strong>Lire aussi<\/strong> : <strong><a href=\"https:\/\/ecomatin.net\/transport-aerien-le-chiffre-daffaires-de-camair-co-chute-de-78-en-2020\/\">Transport a\u00e9rien : le chiffre d\u2019affaires de Camair-Co chute de 78% en 2020<\/a><\/strong><\/p>\n<p>Les \u00e9changes ont essentiellement port\u00e9 sur le projet de la mise en place d\u2019une ligne a\u00e9rienne directe reliant le Cameroun \u00e0 la Tunisie. Le projet d\u2019une liaison a\u00e9rienne directe entre le Cameroun et la Tunisie pourra alors cette fois-ci sortir des tiroirs. On se souvient qu\u2019en f\u00e9vrier 2021, \u00e0 l\u2019issue d\u2019une rencontre avec le ministre du Commerce, Luc Magloire Mbarga Atangana, le nouvel ambassadeur de Tunisie au Cameroun, Karim Ben Becher, s\u2019exprimait sur le projet de liaison a\u00e9rienne directe entre les deux pays. \u00c0 en croire, ce diplomate \u00ab\u2009il y a une nouvelle r\u00e9flexion pour voir s\u2019il y a la possibilit\u00e9 de redynamiser ce projet\u00a0soit \u00e0 travers la compagnie nationale soit via le secteur priv\u00e9\u2009\u00bb, rapportait le minist\u00e8re du Commerce sur sa page Facebook.<\/p>\n<p><strong>Lire aussi : <a href=\"https:\/\/ecomatin.net\/transport-aerien-lautorite-aeronautique-obtient-deux-certifications-iso-9001-2015\/\">Transport a\u00e9rien : l\u2019Autorit\u00e9 a\u00e9ronautique obtient deux certifications ISO 9001\/2015<\/a><\/strong><\/p>\n<p>D\u2019apr\u00e8s \u00a0le diplomate, le d\u00e9ploiement de la compagnie nationale Tunisair, en terre camerounaise aurait d\u00fb \u00eatre r\u00e9alis\u00e9 avant la crise sanitaire \u00e0 coronavirus en 2020. \u00ab\u2009Il \u00e9tait pr\u00e9vu la mise sur pied d\u2019une premi\u00e8re liaison \u00e0 partir de Tunis vers Yaound\u00e9, Douala, avec peut-\u00eatre des escales \u00e0 Ndjamena, Libreville. Malheureusement, on a \u00e9t\u00e9 touch\u00e9 par la Covid-19, qui a touch\u00e9 toutes les compagnies a\u00e9riennes dans le monde\u2009\u00bb, \u00a0d\u00e9clarait le diplomate, \u00e0 l\u2019\u00e9poque.<\/p>\n<p><strong>Lire aussi <\/strong>: <strong><a href=\"https:\/\/ecomatin.net\/transport-aerien-camair-co-reduit-ses-activites-sur-les-ligness-internationales\/\" target=\"_blank\" rel=\"noreferrer noopener\">Transport a\u00e9rien : Camair-co r\u00e9duit ses activit\u00e9s sur les lignes internationales<\/a><\/strong><\/p>\n<p>En 2016, les autorit\u00e9s Tunisiennes et Camerounaises annon\u00e7aient d\u00e9j\u00e0 l\u2019aboutissement imminent des discussions autour d\u2019un accord a\u00e9rien en cours de n\u00e9gociation depuis 2012.\u00a0 Le texte apprend-on de sources officielles autorisera la soci\u00e9t\u00e9 nationale a\u00e9rienne Tunisienne \u00e0 desservir le Cameroun gr\u00e2ce \u00e0 l\u2019ouverture d\u2019une ligne\u00a0 directe entre Tunis et Douala.\u00a0 Un projet s\u2019il est mis sur pied, facilitera sans aucun doute la t\u00e2che aux passagers qui sont tr\u00e8s souvent oblig\u00e9s de subir plusieurs heures d\u2019escale \u00e0 Casablanca au Maroc avant de rallier la capitale Tunisienne.<\/p>\n<p>L\u2019article <a rel=\"nofollow\" href=\"https:\/\/ecomatin.net\/transport-aerien-vers-une-ligne-directe-entre-la-tunisie-et-le-cameroun\/\">Transport a\u00e9rien :\u00a0vers une ligne directe entre la Tunisie et le Cameroun<\/a> est apparu en premier sur <a rel=\"nofollow\" href=\"https:\/\/ecomatin.net\/\">EcoMatin<\/a>.<\/p>\n<\/div>\n<p>Auteur: Amina MALLOUM<br \/>\n<a href=\"https:\/\/ecomatin.net\/transport-aerien-vers-une-ligne-directe-entre-la-tunisie-et-le-cameroun\/\">Cliquez ici pour lire l&rsquo;article depuis sa source.<\/a><\/p>\n","protected":false},"excerpt":{"rendered":"<p>S\u2019achemine-t-on vers l\u2019op\u00e9rationnalisation d\u2019une ligne directe reliant la Tunisie et le Cameroun\u00a0? C\u2019est ce \u00e0 quoi aspire les deux pays. Le 08 avril 2022, le ministre des Transports a re\u00e7u, en audience, une d\u00e9l\u00e9gation de la compagnie nationale a\u00e9rienne tunisienne \u00ab\u00a0Tunisair\u00a0\u00bb conduite par le conseiller \u00e9conomique \u00e0 l\u2019ambassade de Tunisie au Cameroun. \u00c9taient \u00e9galement pr\u00e9sents [&hellip;]<\/p>\n","protected":false},"author":1969,"featured_media":0,"comment_status":"closed","ping_status":"closed","sticky":false,"template":"","format":"standard","meta":{"fifu_image_url":"","fifu_image_alt":"","footnotes":""},"categories":[82,78],"tags":[],"class_list":["post-145355","post","type-post","status-publish","format-standard","hentry","category-cameroun","category-economie"],"_links":{"self":[{"href":"https:\/\/linitiative.ca\/International\/wp-json\/wp\/v2\/posts\/145355","targetHints":{"allow":["GET"]}}],"collection":[{"href":"https:\/\/linitiative.ca\/International\/wp-json\/wp\/v2\/posts"}],"about":[{"href":"https:\/\/linitiative.ca\/International\/wp-json\/wp\/v2\/types\/post"}],"author":[{"embeddable":true,"href":"https:\/\/linitiative.ca\/International\/wp-json\/wp\/v2\/users\/1969"}],"replies":[{"embeddable":true,"href":"https:\/\/linitiative.ca\/International\/wp-json\/wp\/v2\/comments?post=145355"}],"version-history":[{"count":0,"href":"https:\/\/linitiative.ca\/International\/wp-json\/wp\/v2\/posts\/145355\/revisions"}],"wp:attachment":[{"href":"https:\/\/linitiative.ca\/International\/wp-json\/wp\/v2\/media?parent=145355"}],"wp:term":[{"taxonomy":"category","embeddable":true,"href":"https:\/\/linitiative.ca\/International\/wp-json\/wp\/v2\/categories?post=145355"},{"taxonomy":"post_tag","embeddable":true,"href":"https:\/\/linitiative.ca\/International\/wp-json\/wp\/v2\/tags?post=145355"}],"curies":[{"name":"wp","href":"https:\/\/api.w.org\/{rel}","templated":true}]}}