{"id":145356,"date":"2022-04-12T13:51:57","date_gmt":"2022-04-12T17:51:57","guid":{"rendered":"https:\/\/linitiative.ca\/International\/affaire-viettel-cameroun-fin-de-la-gueguerre-entre-baba-danpoullo-et-ses-partenaires-vietnamiens\/"},"modified":"2022-04-12T13:51:57","modified_gmt":"2022-04-12T17:51:57","slug":"affaire-viettel-cameroun-fin-de-la-gueguerre-entre-baba-danpoullo-et-ses-partenaires-vietnamiens","status":"publish","type":"post","link":"https:\/\/linitiative.ca\/International\/affaire-viettel-cameroun-fin-de-la-gueguerre-entre-baba-danpoullo-et-ses-partenaires-vietnamiens\/","title":{"rendered":"Affaire Viettel Cameroun : fin de la gu\u00e9guerre entre Baba Danpoullo et ses partenaires vietnamiens"},"content":{"rendered":"<div>\n<p>Apr\u00e8s plus de trois ans de n\u00e9gociations, et quatre ann\u00e9es de divergences, les actionnaires de l\u2019entreprise Viettel Cameroun S.A annoncent officiellement un retour au calme au sein de ce groupe de t\u00e9l\u00e9phonie mobile. Un communiqu\u00e9 sign\u00e9 le 11 avril dernier par Moussa Housseini, directeur de la Communication de Nexttel et porte-parole du groupe Baba Danpoullo, confirme le retour \u00e0 la s\u00e9r\u00e9nit\u00e9 au sein de Nexttel Cameroon S.A, filiale du groupe Viettel S.A.\u00a0Le groupe Vietnamien Viettel Investment Global Jsc et l\u2019entreprise Bestinver Cameroon (Bestcam), d\u00e9tiennent respectivement 70% et 30% des parts au sein de cette entreprise de t\u00e9l\u00e9phonie mobile lanc\u00e9e en 2014.\u00a0Nguye Duc Quang, directeur g\u00e9n\u00e9ral de Nexttel Cameroon et Ahmadou Baba Danpoulo, pr\u00e9sident du conseil d\u2019administration de la m\u00eame entreprise, se sont en effet rencontr\u00e9s \u00e0 Yaound\u00e9 afin de jeter les bases d\u2019une nouvelle collaboration.\u00a0\u00a0<\/p>\n<p><strong>Lire aussi :<\/strong> <strong><a href=\"https:\/\/ecomatin.net\/telecommunicationss-lart-va-saisir-less-comptess-de-nexttel\/\" target=\"_blank\" rel=\"noreferrer noopener\">T\u00e9l\u00e9communications : l\u2019ART va saisir les comptes de Nexttel<\/a><\/strong><\/p>\n<p>\u00abApr\u00e8s pr\u00e8s de quatre ann\u00e9es de divergences entre les actionnaires de la soci\u00e9t\u00e9 Viettel Cameroun S.A, avec en toile de fonds des questions de management, laquelle situation probl\u00e9matique avait plomb\u00e9 le fonctionnement de l\u2019entreprise, les deux grands partenaires de Viettel Cameroun ont trouv\u00e9 un consensus pour le plus grand int\u00e9r\u00eat de l\u2019op\u00e9rateur de t\u00e9l\u00e9phonie mobile et surtout de sa client\u00e8le\u00bb, indique le porte-parole du groupe\u00a0Baba Danpoullo. Les relations entre les deux partenaires avaient effectivement migr\u00e9 vers de graves tensions, provoquant des perturbations dans le bon fonctionnement de l\u2019entreprise.\u00a0Le groupe Viettel Global Jsc reprochait \u00e0 Ahmadou Baba Danpollo, pr\u00e9sident directeur g\u00e9n\u00e9ral de\u00a0Bestcam, d\u2019avoir obtenu par des moyens illicites, la co-signature sur tous les documents li\u00e9s \u00e0 l\u2019entreprise de t\u00e9l\u00e9phonie mobile.\u00a0<\/p>\n<p><strong>Lire aussi <\/strong>: <strong><a href=\"https:\/\/ecomatin.net\/les-dessous-du-limogeage-du-personnel-de-nexttel\/\" target=\"_blank\" rel=\"noreferrer noopener\">Les dessous du limogeage du personnel de Nexttel<\/a><\/strong><\/p>\n<p>Au plus fort de la crise entre les deux associ\u00e9s,\u00a0Ahmadou Baba Danpullo ira nouer unilat\u00e9ralement un accord de partenariat avec l\u2019entreprise isra\u00e9lienne Gilat Telecom, portant sur le d\u00e9ploiement de la technologie 4G au profit de Nexttel Cameroon S.A.\u00a0 Face \u00e0 l\u2019imbroglio persistant, le gouvernement camerounais, \u00e0 travers le Premier Ministre, d\u00e9cide d\u2019engager en mars 2019, une d\u00e9marche de conciliation. Un groupe de travail interminist\u00e9riel sera mis sur pied \u00e0 cet effet.\u00a0Apr\u00e8s trois ans de tractations et atermoiements, le Pr\u00e9sident du conseil d\u2019administration de Nexttel Cameroon S.A a convoqu\u00e9 la partie Vietnamienne \u00e0 la table des n\u00e9gociations. De bonnes sources, la d\u00e9l\u00e9gation asiatique s\u00e9journe au Cameroun depuis quelques jours, sur invitation d\u2019Ahmadou Baba Danpoullo.\u00a0<\/p>\n<p><strong>Lire aussi :<\/strong> <strong><a href=\"https:\/\/ecomatin.net\/affaire-nexttel-le-president-du-cameroun-permet-de-reorganiser-nexttel-pour-les-vietnamiens\/\" target=\"_blank\" rel=\"noreferrer noopener\">Affaire Nextell : Paul Biya valide les recommandations du Comit\u00e9 minist\u00e9riel pr\u00e9sid\u00e9 par le PM Dion Ngute<\/a><\/strong><\/p>\n<p>L\u2019article <a rel=\"nofollow\" href=\"https:\/\/ecomatin.net\/affaire-viettel-cameroun-fin-de-la-gueguerre-entre-baba-danpoullo-et-ses-s-partenaires-vietnamiens\/\">Affaire Viettel Cameroun : fin de la gu\u00e9guerre entre Baba Danpoullo et ses partenaires vietnamiens<\/a> est apparu en premier sur <a rel=\"nofollow\" href=\"https:\/\/ecomatin.net\/\">EcoMatin<\/a>.<\/p>\n<\/div>\n<p>Auteur: Georges Semey<br \/>\n<a href=\"https:\/\/ecomatin.net\/affaire-viettel-cameroun-fin-de-la-gueguerre-entre-baba-danpoullo-et-ses-s-partenaires-vietnamiens\/\">Cliquez ici pour lire l&rsquo;article depuis sa source.<\/a><\/p>\n","protected":false},"excerpt":{"rendered":"<p>Apr\u00e8s plus de trois ans de n\u00e9gociations, et quatre ann\u00e9es de divergences, les actionnaires de l\u2019entreprise Viettel Cameroun S.A annoncent officiellement un retour au calme au sein de ce groupe de t\u00e9l\u00e9phonie mobile. Un communiqu\u00e9 sign\u00e9 le 11 avril dernier par Moussa Housseini, directeur de la Communication de Nexttel et porte-parole du groupe Baba Danpoullo, [&hellip;]<\/p>\n","protected":false},"author":1969,"featured_media":0,"comment_status":"closed","ping_status":"closed","sticky":false,"template":"","format":"standard","meta":{"fifu_image_url":"","fifu_image_alt":"","footnotes":""},"categories":[82,78],"tags":[],"class_list":["post-145356","post","type-post","status-publish","format-standard","hentry","category-cameroun","category-economie"],"_links":{"self":[{"href":"https:\/\/linitiative.ca\/International\/wp-json\/wp\/v2\/posts\/145356","targetHints":{"allow":["GET"]}}],"collection":[{"href":"https:\/\/linitiative.ca\/International\/wp-json\/wp\/v2\/posts"}],"about":[{"href":"https:\/\/linitiative.ca\/International\/wp-json\/wp\/v2\/types\/post"}],"author":[{"embeddable":true,"href":"https:\/\/linitiative.ca\/International\/wp-json\/wp\/v2\/users\/1969"}],"replies":[{"embeddable":true,"href":"https:\/\/linitiative.ca\/International\/wp-json\/wp\/v2\/comments?post=145356"}],"version-history":[{"count":0,"href":"https:\/\/linitiative.ca\/International\/wp-json\/wp\/v2\/posts\/145356\/revisions"}],"wp:attachment":[{"href":"https:\/\/linitiative.ca\/International\/wp-json\/wp\/v2\/media?parent=145356"}],"wp:term":[{"taxonomy":"category","embeddable":true,"href":"https:\/\/linitiative.ca\/International\/wp-json\/wp\/v2\/categories?post=145356"},{"taxonomy":"post_tag","embeddable":true,"href":"https:\/\/linitiative.ca\/International\/wp-json\/wp\/v2\/tags?post=145356"}],"curies":[{"name":"wp","href":"https:\/\/api.w.org\/{rel}","templated":true}]}}