{"id":145357,"date":"2022-04-13T09:00:54","date_gmt":"2022-04-13T13:00:54","guid":{"rendered":"https:\/\/linitiative.ca\/International\/baba-ali-un-deuxieme-succes-successif-en-ramadan\/"},"modified":"2022-04-13T09:00:54","modified_gmt":"2022-04-13T13:00:54","slug":"baba-ali-un-deuxieme-succes-successif-en-ramadan","status":"publish","type":"post","link":"https:\/\/linitiative.ca\/International\/baba-ali-un-deuxieme-succes-successif-en-ramadan\/","title":{"rendered":"\u00abBaba Ali\u00bb, un deuxi\u00e8me succ\u00e8s successif  en Ramadan"},"content":{"rendered":"<div>\n<p><img loading=\"lazy\" decoding=\"async\" width=\"300\" height=\"153\" src=\"https:\/\/linitiative.ca\/International\/wp-content\/uploads\/sites\/23\/2022\/04\/Baba-Ali-un-deuxieme-succes-successif-en-Ramadan-300x153-1.png\" class=\"attachment-medium size-medium wp-post-image\" alt=\"\" srcset=\"https:\/\/linitiative.ca\/International\/wp-content\/uploads\/sites\/23\/2022\/04\/Baba-Ali-un-deuxieme-succes-successif-en-Ramadan-300x153-1.png 300w, https:\/\/aujourdhui.ma\/wp-content\/uploads\/2022\/04\/Baba-Ali-un-deuxieme-succes-successif-en-Ramadan-274x140.png 274w, https:\/\/aujourdhui.ma\/wp-content\/uploads\/2022\/04\/Baba-Ali-un-deuxieme-succes-successif-en-Ramadan.png 746w, https:\/\/aujourdhui.ma\/wp-content\/uploads\/2022\/04\/Baba-Ali-un-deuxieme-succes-successif-en-Ramadan-165x84.png 165w, https:\/\/aujourdhui.ma\/wp-content\/uploads\/2022\/04\/Baba-Ali-un-deuxieme-succes-successif-en-Ramadan-702x358.png 702w\" sizes=\"auto, (max-width: 300px) 100vw, 300px\"><\/p>\n<p><span style=\"color: #800000;\"><strong>La nouvelle saison de la s\u00e9rie occupe la 3\u00e8me position en tendance marocaine<\/strong><\/span><span id=\"more-405021\"><\/span><\/p>\n<p>Tout comme dans sa premi\u00e8re saison, la s\u00e9rie ramadanesque amazighe \u00abBaba Ali\u00bb continue \u00e0 avoir du succ\u00e8s en ce mois sacr\u00e9. Egalement diffus\u00e9e, apr\u00e8s le ftour, sur la huiti\u00e8me cha\u00eene de la Soci\u00e9t\u00e9 nationale de radiodiffusion et de t\u00e9l\u00e9vision, la deuxi\u00e8me saison de cette \u0153uvre, con\u00e7ue en dialecte soussi (Tachelhit), occupe cette ann\u00e9e la troisi\u00e8me position en tendance marocaine en d\u00e9pit de la multitude des \u0153uvres ramadanesques.<br \/>\nL\u2019intrigue de cette production, r\u00e9alis\u00e9e par Mustapha Achaouer et sc\u00e9naris\u00e9e par Ahmed Ntama, raconte l\u2019histoire d\u2019un homme simple dans son entourage familial et soci\u00e9tal au sein d\u2019un village amazigh entour\u00e9 d\u2019une nature riche et d\u2019un patrimoine purement marocain. Elle est, de plus, inspir\u00e9e du personnage mythique \u00abAli Baba\u00bb. Quant au tournage, il s\u2019est d\u00e9roul\u00e9 au douar Takmout \u00e0 Tlat Niakoub relevant de la province d\u2019Al Haouz.<\/p>\n<p>En termes de casting, ce sont des vedettes marocaines qui prennent part aux deux saisons. C\u2019est le cas de Lhoussain Bardaouz, Abdellatif Atef, Ahmed Ntama, Ahmed Aouinti, Lahcen Chachaou, Mustapha Seghir, Mohamed KImroun, Zahia Zahiri, Lahcen Jakar Yezem, Larbi Heddaj et Khadija Skarine entre autres.<br \/>\nA propos des taux d\u2019audience de cette \u0153uvre, l\u2019artiste Lahcen Jakar Yezem, qui campe le r\u00f4le de bras droit du personnage \u00abDaghour\u00bb dans la s\u00e9rie, indique : \u00abla cha\u00eene amazighe concurrence aujourd\u2019hui les autres cha\u00eenes marocaines ainsi que la tendance marocaine sur YouTube et les r\u00e9seaux sociaux\u00bb. Pour lui, ce succ\u00e8s est d\u00fb aux \u00abefforts des artistes depuis plusieurs ann\u00e9es avant m\u00eame la cr\u00e9ation de la cha\u00eene amazighe\u00bb.<\/p>\n<p>\u00abTous les acteurs amazighs militaient et travaillaient dans des conditions qui n\u2019\u00e9taient pas \u00e0 la hauteur de leur \u00e9minent niveau artistique\u00bb, poursuit-il franchement. Le tout en mettant en avant \u00abla force de l\u2019acteur amazigh\u00bb. Dans ce sens, il donne l\u2019exemple des personnages \u00abDaghour\u00bb interpr\u00e9t\u00e9 par Lhoussaine Bardaouz et \u00abIzem\u00bb jou\u00e9 par Lahcen Jakar outre le personnage hilarant \u00abBidadane\u00bb qui allie la com\u00e9die au \u00abdrama\u00bb dans lequel se glisse l\u2019artiste Mustapha Abairik.<\/p>\n<p>De son c\u00f4t\u00e9, le bin\u00f4me des artistes Mustapha Seghir et Tayeb Abghaynous donne une saveur humoristique \u00e0 cette \u0153uvre \u00e9galement marqu\u00e9e par les r\u00f4les de \u00abBelkas\u00bb (Abdellatif Atef) et \u00abAmghar\u00bb (Ahmed Aouinti) outre les actrices Zahia Zahiri et Fatima Soussi qui s\u2019est bien gliss\u00e9e dans la peau de \u00abAbouch\u00bb dans une nouvelle dynamique, ainsi que le personnage du juif parfaitement incarn\u00e9 par Abderrahmane Akzoum.<br \/>\nPour rappel, d\u2019autres artistes se sont ajout\u00e9s \u00e0 cette deuxi\u00e8me saison, notamment les acteurs Larbi Haddaj, Fatima Baouji et le com\u00e9dien Mohamed Bassou.<\/p>\n<p>\u00a0<\/p>\n<\/div>\n<p>Auteur: Salima Guisser<br \/>\n<a href=\"https:\/\/aujourdhui.ma\/culture\/baba-ali-un-deuxieme-succes-successif-en-ramadan\">Cliquez ici pour lire l&rsquo;article depuis sa source.<\/a><\/p>\n","protected":false},"excerpt":{"rendered":"<p>La nouvelle saison de la s\u00e9rie occupe la 3\u00e8me position en tendance marocaine Tout comme dans sa premi\u00e8re saison, la s\u00e9rie ramadanesque amazighe \u00abBaba Ali\u00bb continue \u00e0 avoir du succ\u00e8s en ce mois sacr\u00e9. Egalement diffus\u00e9e, apr\u00e8s le ftour, sur la huiti\u00e8me cha\u00eene de la Soci\u00e9t\u00e9 nationale de radiodiffusion et de t\u00e9l\u00e9vision, la deuxi\u00e8me saison [&hellip;]<\/p>\n","protected":false},"author":1759,"featured_media":0,"comment_status":"closed","ping_status":"closed","sticky":false,"template":"","format":"standard","meta":{"fifu_image_url":"https:\/\/aujourdhui.ma\/wp-content\/uploads\/2022\/04\/Baba-Ali-un-deuxieme-succes-successif-en-Ramadan-300x153.png","fifu_image_alt":"\u00abBaba Ali\u00bb, un deuxi\u00e8me succ\u00e8s successif  en Ramadan","footnotes":""},"categories":[73,54],"tags":[],"class_list":["post-145357","post","type-post","status-publish","format-standard","hentry","category-actualite","category-maroc"],"_links":{"self":[{"href":"https:\/\/linitiative.ca\/International\/wp-json\/wp\/v2\/posts\/145357","targetHints":{"allow":["GET"]}}],"collection":[{"href":"https:\/\/linitiative.ca\/International\/wp-json\/wp\/v2\/posts"}],"about":[{"href":"https:\/\/linitiative.ca\/International\/wp-json\/wp\/v2\/types\/post"}],"author":[{"embeddable":true,"href":"https:\/\/linitiative.ca\/International\/wp-json\/wp\/v2\/users\/1759"}],"replies":[{"embeddable":true,"href":"https:\/\/linitiative.ca\/International\/wp-json\/wp\/v2\/comments?post=145357"}],"version-history":[{"count":0,"href":"https:\/\/linitiative.ca\/International\/wp-json\/wp\/v2\/posts\/145357\/revisions"}],"wp:attachment":[{"href":"https:\/\/linitiative.ca\/International\/wp-json\/wp\/v2\/media?parent=145357"}],"wp:term":[{"taxonomy":"category","embeddable":true,"href":"https:\/\/linitiative.ca\/International\/wp-json\/wp\/v2\/categories?post=145357"},{"taxonomy":"post_tag","embeddable":true,"href":"https:\/\/linitiative.ca\/International\/wp-json\/wp\/v2\/tags?post=145357"}],"curies":[{"name":"wp","href":"https:\/\/api.w.org\/{rel}","templated":true}]}}