{"id":145359,"date":"2022-04-13T10:00:48","date_gmt":"2022-04-13T14:00:48","guid":{"rendered":"https:\/\/linitiative.ca\/International\/lancement-de-la-nouvelle-bmw-i4-une-etoile-est-nee\/"},"modified":"2022-04-13T10:00:48","modified_gmt":"2022-04-13T14:00:48","slug":"lancement-de-la-nouvelle-bmw-i4-une-etoile-est-nee","status":"publish","type":"post","link":"https:\/\/linitiative.ca\/International\/lancement-de-la-nouvelle-bmw-i4-une-etoile-est-nee\/","title":{"rendered":"Lancement de la nouvelle BMW i4 : Une \u00e9toile est n\u00e9e"},"content":{"rendered":"<div>\n<p><img loading=\"lazy\" decoding=\"async\" width=\"300\" height=\"153\" src=\"https:\/\/linitiative.ca\/International\/wp-content\/uploads\/sites\/23\/2022\/04\/BMW-i4-300x153-1.jpg\" class=\"attachment-medium size-medium wp-post-image\" alt=\"\" srcset=\"https:\/\/linitiative.ca\/International\/wp-content\/uploads\/sites\/23\/2022\/04\/BMW-i4-300x153-1.jpg 300w, https:\/\/aujourdhui.ma\/wp-content\/uploads\/2022\/04\/BMW-i4-274x140.jpg 274w, https:\/\/aujourdhui.ma\/wp-content\/uploads\/2022\/04\/BMW-i4.jpg 746w, https:\/\/aujourdhui.ma\/wp-content\/uploads\/2022\/04\/BMW-i4-165x84.jpg 165w, https:\/\/aujourdhui.ma\/wp-content\/uploads\/2022\/04\/BMW-i4-702x358.jpg 702w\" sizes=\"auto, (max-width: 300px) 100vw, 300px\"><\/p>\n<p><span style=\"font-size: 20px; color: #800000;\"><strong>La BMW i4 s\u2019impose comme une r\u00e9f\u00e9rence du segment des familiales premium en mati\u00e8re de sportivit\u00e9 durable, de confort et de praticit\u00e9 au quotidien.<\/strong><\/span><span id=\"more-405035\"><\/span><\/p>\n<p>Les superlatifs manquent pour d\u00e9crire la BMW i4. Premier mod\u00e8le \u00e9lectrique BMW \u00e0 offrir une exp\u00e9rience r\u00e9solument ax\u00e9e sur le dynamisme, ce v\u00e9hicule est loin des exc\u00e8s stylistiques. Il s\u2019agit d\u2019une berline traditionnelle qui ne d\u00e9voile pas toutes ses capacit\u00e9s du premier regard. Ne dit-on pas que l\u2019essentiel est invisible pour les yeux ?<\/p>\n<p><span style=\"color: #ff0000;\"><strong>Le premier Gran Coup\u00e9 tout \u00e9lectrique de BMW<\/strong><\/span><\/p>\n<p>La BMW i4 s\u00e9duit par son niveau de sportivit\u00e9 typique de la marque et son autonomie convaincante sur les longues distances, tout en offrant le design \u00e9l\u00e9gant et la fonctionnalit\u00e9 d\u2019un Gran Coup\u00e9 4 portes.<br \/>\nLa BMW i4 est d\u00e9clin\u00e9e en deux variantes : la BMW i4 eDrive40 (consommation \u00e9lectrique en cycle mixte: 20 \u2013 16 kWh\/100 km ; \u00e9missions de CO2 : 0 g\/km) dot\u00e9e d\u2019une puissance de 340 ch (250 kW), d\u2019une transmission arri\u00e8re conventionnelle et d\u2019une autonomie maximale de 590 km; et la BMW i4 M50 (consommation \u00e9lectrique en cycle mixte: 24 \u2013 19 kWh\/100 km ; \u00e9missions de CO2 : 0 g\/km), premier mod\u00e8le 100% \u00e9lectrique de BMW M, dot\u00e9 d\u2019une puissance de 544 ch (400 kW), d\u2019une transmission int\u00e9grale et d\u2019une autonomie maximale de 510 km en cycle.<\/p>\n<p><img loading=\"lazy\" decoding=\"async\" class=\"aligncenter size-full wp-image-405045\" src=\"https:\/\/linitiative.ca\/International\/wp-content\/uploads\/sites\/23\/2022\/04\/BMW-i4-Interieur.jpg\" alt=\"\" width=\"746\" height=\"380\" srcset=\"https:\/\/linitiative.ca\/International\/wp-content\/uploads\/sites\/23\/2022\/04\/BMW-i4-Interieur.jpg 746w, https:\/\/aujourdhui.ma\/wp-content\/uploads\/2022\/04\/BMW-i4-Interieur-300x153.jpg 300w, https:\/\/aujourdhui.ma\/wp-content\/uploads\/2022\/04\/BMW-i4-Interieur-274x140.jpg 274w, https:\/\/aujourdhui.ma\/wp-content\/uploads\/2022\/04\/BMW-i4-Interieur-165x84.jpg 165w, https:\/\/aujourdhui.ma\/wp-content\/uploads\/2022\/04\/BMW-i4-Interieur-702x358.jpg 702w\" sizes=\"auto, (max-width: 746px) 100vw, 746px\"><\/p>\n<p><span style=\"color: #ff0000;\"><strong>Technologie de pointe<\/strong><\/span><\/p>\n<p>La BMW i4 repose sur la cinqui\u00e8me g\u00e9n\u00e9ration de la technologie BMW eDrive avec un ensemble int\u00e9gr\u00e9 constitu\u00e9 du moteur \u00e9lectrique, de l\u2019\u00e9lectronique de puissance et de la transmission, et avec cellules de batterie \u00e0 la pointe de la technologie.<br \/>\nElle permet une production instantan\u00e9e de la puissance moteur, pouvant \u00eatre maintenue sur une large plage de r\u00e9gime. La BMW i4 M50 dispose quant \u00e0 elle de la fonction Sport Boost qui permet un d\u00e9ploiement de puissance instantan\u00e9 pour les deux moteurs \u00e9lectriques (puissance maximale et couple cumul\u00e9 maximal de 795 Nm). Le nouveau mod\u00e8le abat ainsi le 0 \u00e0 100 km\/h en 3,9 s. La variante BMW i4 eDrive40, dot\u00e9e d\u2019un couple maximal de 430 Nm, acc\u00e9l\u00e8re de 0 \u00e0 100 km\/h en 5,7 s. La capacit\u00e9 brute de la batterie est de 83,9 kWh. L\u2019unit\u00e9 de recharge combin\u00e9e (CCU) de la BMW i4 est con\u00e7ue pour offrir une flexibilit\u00e9 \u00e9lev\u00e9e \u00e0 la recharge. Ainsi, le nouveau mod\u00e8le peut \u00eatre recharg\u00e9 aupr\u00e8s d\u2019une source de courant alternatif AC ou d\u2019une source de courant continu DC.<\/p>\n<p><span style=\"color: #ff0000;\"><strong>Sportive et sexy<\/strong><\/span><\/p>\n<p>La BMW i4 s\u2019impose comme une r\u00e9f\u00e9rence du segment des familiales premium en mati\u00e8re de sportivit\u00e9 durable, de confort et de praticit\u00e9 au quotidien. Concept \u00abGranCoup\u00e9\u00bb associant le niveau de confort et d\u2019efficience typiques d\u2019une berline \u00e0 une interface des plus modernes. Design sportif \u00e9l\u00e9gant, proportions \u00e9tir\u00e9es propres aux coup\u00e9s, ligne de toit fluide, quatre portes avec fen\u00eatres sans cadre et hayon aux dimensions g\u00e9n\u00e9reuses. Le bouclier avant est agr\u00e9ment\u00e9 de la double calandre BMW au design marquant dot\u00e9e de cam\u00e9ras et de capteurs radar et \u00e0 ultrasons discr\u00e8tement int\u00e9gr\u00e9s. Les phares avant sont \u00e9lanc\u00e9s et disponibles avec la technologie BMW Laser en option. La BMW i4 vous accueille dans une atmosph\u00e8re Premium luxueuse au sein d\u2019un int\u00e9rieur spacieux et polyvalent. Le vitrage \u00e0 isolation acoustique assure une ambiance feutr\u00e9e, la sellerie Advanced et le volant Sport sont de s\u00e9rie, pour une meilleure assise et une plus grande maniabilit\u00e9.<br \/>\nA bord, la BMW i4 est \u00e9quip\u00e9e du syst\u00e8me iDrive, du nouvel affichage incurv\u00e9 BMW Curved Display de 14,9 pouces avec un \u00e9cran d\u2019informations de 12,3 pouces coupl\u00e9 \u00e0 l\u2019assistant personnel intelligent vocal BMW, affichant la version 8 du syst\u00e8me d\u2019exploitation BMW. La nouvelle BMW i4 dispose de pr\u00e8s d\u2019une quarantaine d\u2019options d\u2019assistance. A l\u2019instar de la nouvelle BMW iX, la nouvelle BMW i4 est clairement ax\u00e9e sur la durabilit\u00e9, avec l\u2019utilisation des ressources tout au long de la cha\u00eene de valeur ainsi que la r\u00e9duction autant que possible de l\u2019empreinte CO2 sur l\u2019ensemble du cycle de vie du produit.<\/p>\n<p><img loading=\"lazy\" decoding=\"async\" class=\"aligncenter size-full wp-image-405044\" src=\"https:\/\/linitiative.ca\/International\/wp-content\/uploads\/sites\/23\/2022\/04\/BMW-i4-Interieur-Tableau-de-bord.jpg\" alt=\"\" width=\"746\" height=\"380\" srcset=\"https:\/\/linitiative.ca\/International\/wp-content\/uploads\/sites\/23\/2022\/04\/BMW-i4-Interieur-Tableau-de-bord.jpg 746w, https:\/\/aujourdhui.ma\/wp-content\/uploads\/2022\/04\/BMW-i4-Interieur-Tableau-de-bord-300x153.jpg 300w, https:\/\/aujourdhui.ma\/wp-content\/uploads\/2022\/04\/BMW-i4-Interieur-Tableau-de-bord-274x140.jpg 274w, https:\/\/aujourdhui.ma\/wp-content\/uploads\/2022\/04\/BMW-i4-Interieur-Tableau-de-bord-165x84.jpg 165w, https:\/\/aujourdhui.ma\/wp-content\/uploads\/2022\/04\/BMW-i4-Interieur-Tableau-de-bord-702x358.jpg 702w\" sizes=\"auto, (max-width: 746px) 100vw, 746px\"><\/p>\n<p><span style=\"color: #ff0000;\"><strong>Quid de l\u2019\u00e9cologie ?<\/strong><\/span><\/p>\n<p>La nouvelle BMW i4 est produite sur le site BMW Group de Munich, l\u2019\u00e9nergie utilis\u00e9e dans la fabrication des cellules de batterie provient \u00e0 100% de sources d\u2019\u00e9lectricit\u00e9 verte. Nombreux \u00e9l\u00e9ments sont fabriqu\u00e9s en mati\u00e8res premi\u00e8res secondaires, en mat\u00e9riaux naturels et en mat\u00e9riaux recycl\u00e9s. La conception des moteurs \u00e9lectriques permet d\u2019\u00e9viter l\u2019utilisation des terres rares. Le processus d\u2019extraction du cobalt et du lithium utilis\u00e9s dans la batterie haute tension est durable, transparent et fait l\u2019objet de contr\u00f4les permanents.<\/p>\n<p><span style=\"color: #ff0000;\"><strong>Tarification \u00e9tudi\u00e9e<\/strong><\/span><\/p>\n<p>La nouvelle BMW i4 est propos\u00e9e en deux versions : i4 eDrive40 et i4 M50 \u00e0 partir de 815.000 DH TTC. Ces prix affich\u00e9s incluent une borne de recharge 22 kW AC ainsi que deux c\u00e2bles pour recharge publique et domestique. En plus de la garantie de 2 ans des v\u00e9hicules BMW i, les batteries sont, elles, garanties 8 ans.<\/p>\n<p><img loading=\"lazy\" decoding=\"async\" class=\"aligncenter size-full wp-image-405043\" src=\"https:\/\/linitiative.ca\/International\/wp-content\/uploads\/sites\/23\/2022\/04\/BMW-i4-Exterieur.jpg\" alt=\"\" width=\"746\" height=\"380\" srcset=\"https:\/\/linitiative.ca\/International\/wp-content\/uploads\/sites\/23\/2022\/04\/BMW-i4-Exterieur.jpg 746w, https:\/\/aujourdhui.ma\/wp-content\/uploads\/2022\/04\/BMW-i4-Exterieur-300x153.jpg 300w, https:\/\/aujourdhui.ma\/wp-content\/uploads\/2022\/04\/BMW-i4-Exterieur-274x140.jpg 274w, https:\/\/aujourdhui.ma\/wp-content\/uploads\/2022\/04\/BMW-i4-Exterieur-165x84.jpg 165w, https:\/\/aujourdhui.ma\/wp-content\/uploads\/2022\/04\/BMW-i4-Exterieur-702x358.jpg 702w\" sizes=\"auto, (max-width: 746px) 100vw, 746px\"><\/p>\n<\/div>\n<p>Auteur: ALM<br \/>\n<a href=\"https:\/\/aujourdhui.ma\/automobile\/lancement-de-la-nouvelle-bmw-i4-une-etoile-est-nee\">Cliquez ici pour lire l&rsquo;article depuis sa source.<\/a><\/p>\n","protected":false},"excerpt":{"rendered":"<p>La BMW i4 s\u2019impose comme une r\u00e9f\u00e9rence du segment des familiales premium en mati\u00e8re de sportivit\u00e9 durable, de confort et de praticit\u00e9 au quotidien. Les superlatifs manquent pour d\u00e9crire la BMW i4. Premier mod\u00e8le \u00e9lectrique BMW \u00e0 offrir une exp\u00e9rience r\u00e9solument ax\u00e9e sur le dynamisme, ce v\u00e9hicule est loin des exc\u00e8s stylistiques. Il s\u2019agit d\u2019une [&hellip;]<\/p>\n","protected":false},"author":1759,"featured_media":0,"comment_status":"closed","ping_status":"closed","sticky":false,"template":"","format":"standard","meta":{"fifu_image_url":"https:\/\/aujourdhui.ma\/wp-content\/uploads\/2022\/04\/BMW-i4-300x153.jpg","fifu_image_alt":"Lancement de la nouvelle BMW i4 : Une \u00e9toile est n\u00e9e","footnotes":""},"categories":[73,54],"tags":[],"class_list":["post-145359","post","type-post","status-publish","format-standard","hentry","category-actualite","category-maroc"],"_links":{"self":[{"href":"https:\/\/linitiative.ca\/International\/wp-json\/wp\/v2\/posts\/145359","targetHints":{"allow":["GET"]}}],"collection":[{"href":"https:\/\/linitiative.ca\/International\/wp-json\/wp\/v2\/posts"}],"about":[{"href":"https:\/\/linitiative.ca\/International\/wp-json\/wp\/v2\/types\/post"}],"author":[{"embeddable":true,"href":"https:\/\/linitiative.ca\/International\/wp-json\/wp\/v2\/users\/1759"}],"replies":[{"embeddable":true,"href":"https:\/\/linitiative.ca\/International\/wp-json\/wp\/v2\/comments?post=145359"}],"version-history":[{"count":0,"href":"https:\/\/linitiative.ca\/International\/wp-json\/wp\/v2\/posts\/145359\/revisions"}],"wp:attachment":[{"href":"https:\/\/linitiative.ca\/International\/wp-json\/wp\/v2\/media?parent=145359"}],"wp:term":[{"taxonomy":"category","embeddable":true,"href":"https:\/\/linitiative.ca\/International\/wp-json\/wp\/v2\/categories?post=145359"},{"taxonomy":"post_tag","embeddable":true,"href":"https:\/\/linitiative.ca\/International\/wp-json\/wp\/v2\/tags?post=145359"}],"curies":[{"name":"wp","href":"https:\/\/api.w.org\/{rel}","templated":true}]}}