{"id":145364,"date":"2022-04-13T10:18:23","date_gmt":"2022-04-13T14:18:23","guid":{"rendered":"https:\/\/linitiative.ca\/International\/prix-litteraire-rawnak-une-5eme-edition-dediee-a-la-memoire-dabdeljabbar-shimi-et-malika-najib\/"},"modified":"2022-04-13T10:18:23","modified_gmt":"2022-04-13T14:18:23","slug":"prix-litteraire-rawnak-une-5eme-edition-dediee-a-la-memoire-dabdeljabbar-shimi-et-malika-najib","status":"publish","type":"post","link":"https:\/\/linitiative.ca\/International\/prix-litteraire-rawnak-une-5eme-edition-dediee-a-la-memoire-dabdeljabbar-shimi-et-malika-najib\/","title":{"rendered":"Prix litt\u00e9raire \u00abRawnak\u00bb :  Une 5\u00e8me \u00e9dition d\u00e9di\u00e9e \u00e0 la m\u00e9moire d\u2019Abdeljabbar Shimi et Malika Najib"},"content":{"rendered":"<div>\n<p><img loading=\"lazy\" decoding=\"async\" width=\"300\" height=\"153\" src=\"https:\/\/linitiative.ca\/International\/wp-content\/uploads\/sites\/23\/2022\/04\/Prix-litteraire-Rawnak-Une-5eme-edition-dediee-a-la-memoire-dAbdeljabbar-Shimi-et-Malika-Najib-300x153-1.png\" class=\"attachment-medium size-medium wp-post-image\" alt=\"\" srcset=\"https:\/\/linitiative.ca\/International\/wp-content\/uploads\/sites\/23\/2022\/04\/Prix-litteraire-Rawnak-Une-5eme-edition-dediee-a-la-memoire-dAbdeljabbar-Shimi-et-Malika-Najib-300x153-1.png 300w, https:\/\/aujourdhui.ma\/wp-content\/uploads\/2022\/04\/Prix-litteraire-Rawnak-Une-5eme-edition-dediee-a-la-memoire-dAbdeljabbar-Shimi-et-Malika-Najib-274x140.png 274w, https:\/\/aujourdhui.ma\/wp-content\/uploads\/2022\/04\/Prix-litteraire-Rawnak-Une-5eme-edition-dediee-a-la-memoire-dAbdeljabbar-Shimi-et-Malika-Najib-746x380.png 746w, https:\/\/aujourdhui.ma\/wp-content\/uploads\/2022\/04\/Prix-litteraire-Rawnak-Une-5eme-edition-dediee-a-la-memoire-dAbdeljabbar-Shimi-et-Malika-Najib-165x84.png 165w, https:\/\/aujourdhui.ma\/wp-content\/uploads\/2022\/04\/Prix-litteraire-Rawnak-Une-5eme-edition-dediee-a-la-memoire-dAbdeljabbar-Shimi-et-Malika-Najib-702x358.png 702w, https:\/\/aujourdhui.ma\/wp-content\/uploads\/2022\/04\/Prix-litteraire-Rawnak-Une-5eme-edition-dediee-a-la-memoire-dAbdeljabbar-Shimi-et-Malika-Najib.png 745w\" sizes=\"auto, (max-width: 300px) 100vw, 300px\"><\/p>\n<p><span style=\"color: #800000;\"><strong>Cette comp\u00e9tition est destin\u00e9e \u00e0 contribuer au d\u00e9veloppement de la cr\u00e9ativit\u00e9 et l\u2019\u00e9mergence des jeunes talents litt\u00e9raires<\/strong><\/span><span id=\"more-405006\"><\/span><\/p>\n<p>L\u2019inscription au cinqui\u00e8me concours litt\u00e9raire \u00abRawnak\u00bb vient d\u2019\u00eatre lanc\u00e9e. Initi\u00e9e par l\u2019Observateur national de l\u2019\u00e9dition et de la lecture (ONEL), cette comp\u00e9tition est destin\u00e9e \u00e0 contribuer au d\u00e9veloppement de la cr\u00e9ativit\u00e9 des \u00e9tudiants et des \u00e9l\u00e8ves des lyc\u00e9es et des coll\u00e8ges ainsi que l\u2019\u00e9mergence de jeunes talents pour l\u2019\u00e9criture litt\u00e9raire. A l\u2019instar des quatre pr\u00e9c\u00e9dentes \u00e9ditions, l\u2019ONEL a choisi cette ann\u00e9e de rendre hommage \u00e0 deux pionniers de la presse et de l\u2019\u00e9criture litt\u00e9raire, en l\u2019occurrence l\u2019\u00e9crivain et grand journaliste marocain Abdeljabbar Shimi et de l\u2019\u00e9crivaine marocaine Malika Najib, d\u00e9c\u00e9d\u00e9s respectivement en 2012 et 2016. Les organisateurs veulent ainsi saluer leur \u00e2me et leur contribution \u00e0 la promotion de l\u2019\u00e9criture litt\u00e9raire. Ils ont tous deux r\u00e9ussi \u00e0 enrichir la sc\u00e8ne culturelle et litt\u00e9raire marocaine et arabe par plusieurs \u0153uvres et \u00e9crits, dont une partie a \u00e9t\u00e9 publi\u00e9e dans le quotidien arabophone Al Alam.<\/p>\n<p>Par ailleurs et selon les organisateurs, ce cinqui\u00e8me concours est ouvert aux jeunes passionn\u00e9s de belles lettres marocains, notamment des \u00e9l\u00e8ves des lyc\u00e9es et des coll\u00e8ges, mais aussi des \u00e9tudiants des \u00e9tablissements universitaires et des instituts, dont l\u2019\u00e2ge limite est fix\u00e9 \u00e0 vingt-trois ans. Les participants \u00e0 ce concours doivent \u00eatre menus d\u2019un \u00abdocument prouvant leur appartenance \u00e0 l\u2019une de ces cat\u00e9gories d\u2019\u00e9tablissements : attestation d\u2019inscription, carte scolaire ou d\u2019\u00e9tudiant\u00bb, selon un communiqu\u00e9 de l\u2019ONEL, faisant remarquer que la demande de participation \u00e0 cette comp\u00e9tition litt\u00e9raire doit \u00eatre effectu\u00e9e par courrier \u00e9lectronique dans un d\u00e9lai ne d\u00e9passant pas le 10 mai 2022.<br \/>\nNotons que les travaux litt\u00e9raires (en arabe et de 600 pages maximum) pr\u00e9sent\u00e9s \u00e0 ce cinqui\u00e8me concours ne doivent pas \u00eatre publi\u00e9s dans un support ou ayant re\u00e7u un prix litt\u00e9raire lors d\u2019une comp\u00e9tition de ce genre. Constitu\u00e9 des personnalit\u00e9s de lettres et des universitaires, le jury de cette \u00e9dition a pour mission d\u2019assurer l\u2019\u00e9valuation et l\u2019attribution des distinctions pour les textes litt\u00e9raires s\u00e9lectionn\u00e9s dans le cadre de cette \u00e9dition. L\u2019ONEL se chargera d\u2019\u00e9diter les textes s\u00e9lectionn\u00e9s au profit des gagnants de ce concours.<br \/>\nRappelons que la quatri\u00e8me \u00e9dition du concours litt\u00e9raire \u00abRawnak\u00bb a \u00e9t\u00e9 d\u00e9di\u00e9e \u00e0 la m\u00e9moire de la jeune \u00e9crivaine marocaine Malika Moustadraf (1969-2006). Elle a marqu\u00e9 son \u00e9lectorat par son style litt\u00e9raire unique utilis\u00e9 dans ses travaux, notamment un recueil de nouvelles et un roman semi-autobiographique. Ce quatri\u00e8me concours a \u00e9t\u00e9 limit\u00e9 aux deux niveaux, notamment les \u00e9l\u00e8ves des lyc\u00e9es et des coll\u00e8ges. Le jury de cette \u00e9dition a remis le prix \u00abRawnak\u00bb \u00e0 Marwa Ziti du coll\u00e8ge Khawarizmi de la commune Zghira dans la province d\u2019Ouezzane. Le deuxi\u00e8me prix a \u00e9t\u00e9 d\u00e9cern\u00e9 ex \u00e6quo aux deux \u00e9l\u00e8ves Salma Khnati et Soufia Mousadak et le troisi\u00e8me prix est revenu \u00e0 l\u2019\u00e9l\u00e8ve Othman Laamarti.<\/p>\n<\/div>\n<p>Auteur: Najat Fa\u00efssal<br \/>\n<a href=\"https:\/\/aujourdhui.ma\/culture\/prix-litteraire-rawnak-une-5eme-edition-dediee-a-la-memoire-dabdeljabbar-shimi-et-malika-najib\">Cliquez ici pour lire l&rsquo;article depuis sa source.<\/a><\/p>\n","protected":false},"excerpt":{"rendered":"<p>Cette comp\u00e9tition est destin\u00e9e \u00e0 contribuer au d\u00e9veloppement de la cr\u00e9ativit\u00e9 et l\u2019\u00e9mergence des jeunes talents litt\u00e9raires L\u2019inscription au cinqui\u00e8me concours litt\u00e9raire \u00abRawnak\u00bb vient d\u2019\u00eatre lanc\u00e9e. Initi\u00e9e par l\u2019Observateur national de l\u2019\u00e9dition et de la lecture (ONEL), cette comp\u00e9tition est destin\u00e9e \u00e0 contribuer au d\u00e9veloppement de la cr\u00e9ativit\u00e9 des \u00e9tudiants et des \u00e9l\u00e8ves des lyc\u00e9es [&hellip;]<\/p>\n","protected":false},"author":1759,"featured_media":0,"comment_status":"closed","ping_status":"closed","sticky":false,"template":"","format":"standard","meta":{"fifu_image_url":"https:\/\/aujourdhui.ma\/wp-content\/uploads\/2022\/04\/Prix-litteraire-Rawnak-Une-5eme-edition-dediee-a-la-memoire-dAbdeljabbar-Shimi-et-Malika-Najib-300x153.png","fifu_image_alt":"Prix litt\u00e9raire \u00abRawnak\u00bb :  Une 5\u00e8me \u00e9dition d\u00e9di\u00e9e \u00e0 la m\u00e9moire d\u2019Abdeljabbar Shimi et Malika Najib","footnotes":""},"categories":[73,54],"tags":[],"class_list":["post-145364","post","type-post","status-publish","format-standard","hentry","category-actualite","category-maroc"],"_links":{"self":[{"href":"https:\/\/linitiative.ca\/International\/wp-json\/wp\/v2\/posts\/145364","targetHints":{"allow":["GET"]}}],"collection":[{"href":"https:\/\/linitiative.ca\/International\/wp-json\/wp\/v2\/posts"}],"about":[{"href":"https:\/\/linitiative.ca\/International\/wp-json\/wp\/v2\/types\/post"}],"author":[{"embeddable":true,"href":"https:\/\/linitiative.ca\/International\/wp-json\/wp\/v2\/users\/1759"}],"replies":[{"embeddable":true,"href":"https:\/\/linitiative.ca\/International\/wp-json\/wp\/v2\/comments?post=145364"}],"version-history":[{"count":0,"href":"https:\/\/linitiative.ca\/International\/wp-json\/wp\/v2\/posts\/145364\/revisions"}],"wp:attachment":[{"href":"https:\/\/linitiative.ca\/International\/wp-json\/wp\/v2\/media?parent=145364"}],"wp:term":[{"taxonomy":"category","embeddable":true,"href":"https:\/\/linitiative.ca\/International\/wp-json\/wp\/v2\/categories?post=145364"},{"taxonomy":"post_tag","embeddable":true,"href":"https:\/\/linitiative.ca\/International\/wp-json\/wp\/v2\/tags?post=145364"}],"curies":[{"name":"wp","href":"https:\/\/api.w.org\/{rel}","templated":true}]}}