{"id":145378,"date":"2022-04-13T10:29:16","date_gmt":"2022-04-13T14:29:16","guid":{"rendered":"https:\/\/linitiative.ca\/International\/previsions-meteorologiques-pour-le-jeudi-14-avril-2022\/"},"modified":"2022-04-13T10:29:16","modified_gmt":"2022-04-13T14:29:16","slug":"previsions-meteorologiques-pour-le-jeudi-14-avril-2022","status":"publish","type":"post","link":"https:\/\/linitiative.ca\/International\/previsions-meteorologiques-pour-le-jeudi-14-avril-2022\/","title":{"rendered":"Pr\u00e9visions m\u00e9t\u00e9orologiques pour le jeudi 14 avril 2022"},"content":{"rendered":"<div>\n<div style=\"margin-bottom:20px;\"><img loading=\"lazy\" decoding=\"async\" width=\"750\" height=\"430\" src=\"https:\/\/linitiative.ca\/International\/wp-content\/uploads\/sites\/23\/2022\/04\/soleil-1.jpg\" class=\"attachment-post-thumbnail size-post-thumbnail wp-post-image\" alt=\"\" srcset=\"https:\/\/linitiative.ca\/International\/wp-content\/uploads\/sites\/23\/2022\/04\/soleil-1.jpg 750w, https:\/\/www.mapmarrakech.ma\/map\/uploads\/2022\/04\/soleil-300x172.jpg 300w\" sizes=\"auto, (max-width: 750px) 100vw, 750px\"><\/div>\n<p>\u2013 Nuages bas et formations brumeuses locales sur les plaines Nord et les c\u00f4tes Centres.<\/p>\n<p>\u2013 Pluies ou averses \u00e9parses sur le Nord de l\u2019Oriental et l\u2019Est de la M\u00e9diterran\u00e9e.<\/p>\n<p>\u2013 Faibles pluies \u00e9parses sur les hauts plateaux orientaux.<\/p>\n<p>\u2013 Ciel passag\u00e8rement nuageux sur le Saiss, le Rif, le Moyen Atlas et le Sud de l\u2019Oriental.<\/p>\n<p>\u2013 Ciel clair \u00e0 peu nuageux ailleurs.<\/p>\n<p>\u2013 Chasse-poussi\u00e8res par endroits sur le Sud de l\u2019Oriental et l\u2019int\u00e9rieur des provinces Sud.<\/p>\n<p>\u2013 Rafales de vent parfois assez fortes sur l\u2019Oriental, les c\u00f4tes Centres et Sud.<\/p>\n<p>\u2013 Temp\u00e9ratures minimales de l\u2019ordre de 01\/07\u00b0C sur l\u2019Atlas et le Rif, 14\/20\u00b0C sur le Sud-Est et les Provinces Sud et de 07\/14\u00b0C en g\u00e9n\u00e9ral ailleurs.<\/p>\n<p>\u2013 Temp\u00e9ratures du jour en hausse.<\/p>\n<p>\u2013 Mer peu agit\u00e9e \u00e0 agit\u00e9e sur la M\u00e9diterran\u00e9e et le D\u00e9troit, peu agit\u00e9e \u00e0 agit\u00e9e au Nord de K\u00e9nitra, agit\u00e9e \u00e0 forte au sud de Safi ainsi qu\u2019agit\u00e9e ailleurs.<\/p>\n<p>The post <a rel=\"nofollow\" href=\"https:\/\/www.mapmarrakech.ma\/fr\/previsions-meteorologiques-pour-le-jeudi-14-avril-2022\/\">Pr\u00e9visions m\u00e9t\u00e9orologiques pour le jeudi 14 avril 2022<\/a> appeared first on <a rel=\"nofollow\" href=\"https:\/\/www.mapmarrakech.ma\/fr\">MapMarrakech<\/a>.<\/p>\n<\/div>\n<p>Auteur: Meriem IGASS<br \/>\n<a href=\"https:\/\/www.mapmarrakech.ma\/fr\/previsions-meteorologiques-pour-le-jeudi-14-avril-2022\/\">Cliquez ici pour lire l&rsquo;article depuis sa source.<\/a><\/p>\n","protected":false},"excerpt":{"rendered":"<p>\u2013 Nuages bas et formations brumeuses locales sur les plaines Nord et les c\u00f4tes Centres. \u2013 Pluies ou averses \u00e9parses sur le Nord de l\u2019Oriental et l\u2019Est de la M\u00e9diterran\u00e9e. \u2013 Faibles pluies \u00e9parses sur les hauts plateaux orientaux. \u2013 Ciel passag\u00e8rement nuageux sur le Saiss, le Rif, le Moyen Atlas et le Sud de [&hellip;]<\/p>\n","protected":false},"author":1788,"featured_media":0,"comment_status":"closed","ping_status":"closed","sticky":false,"template":"","format":"standard","meta":{"fifu_image_url":"https:\/\/www.mapmarrakech.ma\/map\/uploads\/2022\/04\/soleil.jpg","fifu_image_alt":"Pr\u00e9visions m\u00e9t\u00e9orologiques pour le jeudi 14 avril 2022","footnotes":""},"categories":[54,76],"tags":[],"class_list":["post-145378","post","type-post","status-publish","format-standard","hentry","category-maroc","category-regions"],"_links":{"self":[{"href":"https:\/\/linitiative.ca\/International\/wp-json\/wp\/v2\/posts\/145378","targetHints":{"allow":["GET"]}}],"collection":[{"href":"https:\/\/linitiative.ca\/International\/wp-json\/wp\/v2\/posts"}],"about":[{"href":"https:\/\/linitiative.ca\/International\/wp-json\/wp\/v2\/types\/post"}],"author":[{"embeddable":true,"href":"https:\/\/linitiative.ca\/International\/wp-json\/wp\/v2\/users\/1788"}],"replies":[{"embeddable":true,"href":"https:\/\/linitiative.ca\/International\/wp-json\/wp\/v2\/comments?post=145378"}],"version-history":[{"count":0,"href":"https:\/\/linitiative.ca\/International\/wp-json\/wp\/v2\/posts\/145378\/revisions"}],"wp:attachment":[{"href":"https:\/\/linitiative.ca\/International\/wp-json\/wp\/v2\/media?parent=145378"}],"wp:term":[{"taxonomy":"category","embeddable":true,"href":"https:\/\/linitiative.ca\/International\/wp-json\/wp\/v2\/categories?post=145378"},{"taxonomy":"post_tag","embeddable":true,"href":"https:\/\/linitiative.ca\/International\/wp-json\/wp\/v2\/tags?post=145378"}],"curies":[{"name":"wp","href":"https:\/\/api.w.org\/{rel}","templated":true}]}}