{"id":145380,"date":"2022-04-13T10:56:21","date_gmt":"2022-04-13T14:56:21","guid":{"rendered":"https:\/\/linitiative.ca\/International\/indh-signature-de-plusieurs-conventions-de-partenariat\/"},"modified":"2022-04-13T10:56:21","modified_gmt":"2022-04-13T14:56:21","slug":"indh-signature-de-plusieurs-conventions-de-partenariat","status":"publish","type":"post","link":"https:\/\/linitiative.ca\/International\/indh-signature-de-plusieurs-conventions-de-partenariat\/","title":{"rendered":"INDH: Signature de plusieurs conventions de partenariat"},"content":{"rendered":"<div>\n<div style=\"margin-bottom:20px;\"><img loading=\"lazy\" decoding=\"async\" width=\"750\" height=\"430\" src=\"https:\/\/linitiative.ca\/International\/wp-content\/uploads\/sites\/23\/2022\/04\/Logo_INDH-tifinagh.jpg\" class=\"attachment-post-thumbnail size-post-thumbnail wp-post-image\" alt=\"\" srcset=\"https:\/\/linitiative.ca\/International\/wp-content\/uploads\/sites\/23\/2022\/04\/Logo_INDH-tifinagh.jpg 750w, https:\/\/www.mapmarrakech.ma\/map\/uploads\/2022\/04\/Logo_INDH-tifinagh-300x172.jpg 300w\" sizes=\"auto, (max-width: 750px) 100vw, 750px\"><\/div>\n<p>Paraph\u00e9es \u00e0 l\u2019occasion de la premi\u00e8re r\u00e9union du CPDH au titre de l\u2019ann\u00e9e 2022, tenue sous la pr\u00e9sidence du gouverneur de la province, M. Adil El Maliki, ces conventions portent sur les domaines de la sant\u00e9, de l\u2019inclusion \u00e9conomique des jeunes et de l\u2019impulsion du capital humain des g\u00e9n\u00e9rations montantes.<\/p>\n<p>Ainsi, quatre conventions ont \u00e9t\u00e9 conclues dans le domaine de la sant\u00e9, dont la premi\u00e8re, sign\u00e9e entre le CPDH, le conseil provincial, la d\u00e9l\u00e9gation provinciale de la Sant\u00e9, l\u2019ANDZOA, l\u2019ANAPEC et l\u2019Association Sanad pour le soutien du secteur de la sant\u00e9 publique \u00e0 Essaouira, porte sur l\u2019appui et l\u2019accompagnement de ce secteur \u00e0 l\u2019\u00e9chelle de la province.<\/p>\n<p>La deuxi\u00e8me convention, paraph\u00e9e entre la pr\u00e9fecture de la province et la d\u00e9l\u00e9gation provinciale de la Sant\u00e9, concerne le projet de mise \u00e0 niveau et d\u2019\u00e9quipement du centre de psychiatrie au sein de l\u2019h\u00f4pital provincial Mohamed Ben Abdellah \u00e0 Essaouira.<\/p>\n<p>La troisi\u00e8me, sign\u00e9e entre le CPDH, la d\u00e9l\u00e9gation provinciale de la Sant\u00e9, le conseil provincial et l\u2019ANDZOA, est relative \u00e0 l\u2019\u00e9quipement des maisons d\u2019accouchement \u00e0 Had Dra, Bizdad et Taftacht, alors que la quatri\u00e8me convention conclue entre le CPDH, le conseil provincial et la d\u00e9l\u00e9gation provinciale de la Sant\u00e9, pr\u00e9voit l\u2019acquisition et la gestion de quatre ambulances dans le cadre des efforts visant le renforcement de la sant\u00e9 de la m\u00e8re et de l\u2019enfant au niveau de la province.<\/p>\n<p>A cette occasion, il a \u00e9t\u00e9 aussi proc\u00e9d\u00e9 \u00e0 la signature de deux conventions dans le domaine de l\u2019inclusion \u00e9conomique des jeunes.<\/p>\n<p>La premi\u00e8re, sign\u00e9e entre le CPDH, le Conseil communal d\u2019Essaouira, le Centre R\u00e9gional d\u2019Investissement de Marrakech-Safi et la Fondation de Recherche, de D\u00e9veloppement et d\u2019Innovation en Science et Ing\u00e9nierie (FRDISI), porte sur un projet de cr\u00e9ation d\u2019un centre d\u2019innovation et de d\u00e9veloppement ainsi que d\u2019une p\u00e9pini\u00e8re d\u00e9di\u00e9e aux entreprises.<\/p>\n<p>La deuxi\u00e8me convention se rapportant \u00e0 la mise \u00e0 niveau et \u00e0 l\u2019\u00e9quipement d\u2019un centre r\u00e9serv\u00e9 aux entreprises, en cours de construction \u00e0 Argana, a \u00e9t\u00e9 conclue entre le CPDH, le Conseil provincial, le Conseil communal d\u2019Essaouira et la Soci\u00e9t\u00e9 MTIC TECHNOPARK Maroc.<\/p>\n<p>D\u2019autre part, deux autres conventions ont \u00e9t\u00e9 sign\u00e9es dans le domaine de l\u2019impulsion du capital humain des g\u00e9n\u00e9rations montantes. La premi\u00e8re, paraph\u00e9e entre le CPDH, le Conseil provincial, l\u2019Entraide Nationale et l\u2019ANDZOA, porte sur un projet de mise \u00e0 niveau et d\u2019\u00e9quipement de Dour Talib et Taliba \u00e0 l\u2019\u00e9chelle de la province.<\/p>\n<p>La deuxi\u00e8me convention relative au soutien des activit\u00e9s culturelles au niveau de la province, a \u00e9t\u00e9 conclue entre le CPDH, la direction provinciale de l\u2019Education nationale, du pr\u00e9scolaire et des sports, la d\u00e9l\u00e9gation provinciale de la Culture, la d\u00e9l\u00e9gation provinciale de l\u2019Entraide Nationale et l\u2019association \u00ab\u00a0Ajial\u00a0\u00bb pour l\u2019\u00e9ducation et la culture.<\/p>\n<p>The post <a rel=\"nofollow\" href=\"https:\/\/www.mapmarrakech.ma\/fr\/indh-signature-de-plusieurs-conventions-de-partenariat\/\">INDH: Signature de plusieurs conventions de partenariat<\/a> appeared first on <a rel=\"nofollow\" href=\"https:\/\/www.mapmarrakech.ma\/fr\">MapMarrakech<\/a>.<\/p>\n<\/div>\n<p>Auteur: Meriem IGASS<br \/>\n<a href=\"https:\/\/www.mapmarrakech.ma\/fr\/indh-signature-de-plusieurs-conventions-de-partenariat\/\">Cliquez ici pour lire l&rsquo;article depuis sa source.<\/a><\/p>\n","protected":false},"excerpt":{"rendered":"<p>Paraph\u00e9es \u00e0 l\u2019occasion de la premi\u00e8re r\u00e9union du CPDH au titre de l\u2019ann\u00e9e 2022, tenue sous la pr\u00e9sidence du gouverneur de la province, M. Adil El Maliki, ces conventions portent sur les domaines de la sant\u00e9, de l\u2019inclusion \u00e9conomique des jeunes et de l\u2019impulsion du capital humain des g\u00e9n\u00e9rations montantes. Ainsi, quatre conventions ont \u00e9t\u00e9 [&hellip;]<\/p>\n","protected":false},"author":1788,"featured_media":0,"comment_status":"closed","ping_status":"closed","sticky":false,"template":"","format":"standard","meta":{"fifu_image_url":"https:\/\/www.mapmarrakech.ma\/map\/uploads\/2022\/04\/Logo_INDH-tifinagh.jpg","fifu_image_alt":"INDH: Signature de plusieurs conventions de partenariat","footnotes":""},"categories":[54,76],"tags":[],"class_list":["post-145380","post","type-post","status-publish","format-standard","hentry","category-maroc","category-regions"],"_links":{"self":[{"href":"https:\/\/linitiative.ca\/International\/wp-json\/wp\/v2\/posts\/145380","targetHints":{"allow":["GET"]}}],"collection":[{"href":"https:\/\/linitiative.ca\/International\/wp-json\/wp\/v2\/posts"}],"about":[{"href":"https:\/\/linitiative.ca\/International\/wp-json\/wp\/v2\/types\/post"}],"author":[{"embeddable":true,"href":"https:\/\/linitiative.ca\/International\/wp-json\/wp\/v2\/users\/1788"}],"replies":[{"embeddable":true,"href":"https:\/\/linitiative.ca\/International\/wp-json\/wp\/v2\/comments?post=145380"}],"version-history":[{"count":0,"href":"https:\/\/linitiative.ca\/International\/wp-json\/wp\/v2\/posts\/145380\/revisions"}],"wp:attachment":[{"href":"https:\/\/linitiative.ca\/International\/wp-json\/wp\/v2\/media?parent=145380"}],"wp:term":[{"taxonomy":"category","embeddable":true,"href":"https:\/\/linitiative.ca\/International\/wp-json\/wp\/v2\/categories?post=145380"},{"taxonomy":"post_tag","embeddable":true,"href":"https:\/\/linitiative.ca\/International\/wp-json\/wp\/v2\/tags?post=145380"}],"curies":[{"name":"wp","href":"https:\/\/api.w.org\/{rel}","templated":true}]}}