{"id":145384,"date":"2022-04-13T09:26:39","date_gmt":"2022-04-13T13:26:39","guid":{"rendered":"https:\/\/linitiative.ca\/International\/transport-plus-de-300-millions-de-dh-deja-debloques-pour-les-professionnels\/"},"modified":"2022-04-13T09:26:39","modified_gmt":"2022-04-13T13:26:39","slug":"transport-plus-de-300-millions-de-dh-deja-debloques-pour-les-professionnels","status":"publish","type":"post","link":"https:\/\/linitiative.ca\/International\/transport-plus-de-300-millions-de-dh-deja-debloques-pour-les-professionnels\/","title":{"rendered":"Transport: Plus de 300 millions de DH d\u00e9j\u00e0 d\u00e9bloqu\u00e9s pour les professionnels"},"content":{"rendered":"<div>\n<div class=\"field field-name-body field-type-text-with-summary field-label-hidden\">\n<div class=\"field-items\">\n<div class=\"field-item even\" property=\"content:encoded\">\n<p class=\"rtejustify\">Le ministre du Transport et de la Logistique, Mohamed Abdeljalil, a annonc\u00e9, mardi, qu&rsquo;un total de 307 millions de DH a \u00e9t\u00e9 d\u00e9bloqu\u00e9 \u00e0 ce jour, au profit des professionnels du transport routier et ce, dans le cadre du soutien que le gouvernement leur a octroy\u00e9 en raison de la flamb\u00e9e des prix du carburant. Dans le d\u00e9tail, une enveloppe de 91 millions de DH a \u00e9t\u00e9 vers\u00e9e sous forme de mandats bancaires et 216 millions de DH sous forme de virements bancaires, a pr\u00e9cis\u00e9 Abdeljalil,\u00a0r\u00e9ponse \u00e0 des questions orales \u00e0 la Chambre des conseillers.<\/p>\n<\/div>\n<\/div>\n<\/div>\n<\/div>\n<p>Auteur: hgueye<br \/>\n<a href=\"https:\/\/www.leconomiste.com\/flash-infos\/transport-plus-de-300-millions-de-dh-deja-debloques-pour-les-professionnels\">Cliquez ici pour lire l&rsquo;article depuis sa source.<\/a><\/p>\n","protected":false},"excerpt":{"rendered":"<p>Le ministre du Transport et de la Logistique, Mohamed Abdeljalil, a annonc\u00e9, mardi, qu&rsquo;un total de 307 millions de DH a \u00e9t\u00e9 d\u00e9bloqu\u00e9 \u00e0 ce jour, au profit des professionnels du transport routier et ce, dans le cadre du soutien que le gouvernement leur a octroy\u00e9 en raison de la flamb\u00e9e des prix du carburant. [&hellip;]<\/p>\n","protected":false},"author":1763,"featured_media":0,"comment_status":"closed","ping_status":"closed","sticky":false,"template":"","format":"standard","meta":{"fifu_image_url":"","fifu_image_alt":"","footnotes":""},"categories":[78,54],"tags":[],"class_list":["post-145384","post","type-post","status-publish","format-standard","hentry","category-economie","category-maroc"],"_links":{"self":[{"href":"https:\/\/linitiative.ca\/International\/wp-json\/wp\/v2\/posts\/145384","targetHints":{"allow":["GET"]}}],"collection":[{"href":"https:\/\/linitiative.ca\/International\/wp-json\/wp\/v2\/posts"}],"about":[{"href":"https:\/\/linitiative.ca\/International\/wp-json\/wp\/v2\/types\/post"}],"author":[{"embeddable":true,"href":"https:\/\/linitiative.ca\/International\/wp-json\/wp\/v2\/users\/1763"}],"replies":[{"embeddable":true,"href":"https:\/\/linitiative.ca\/International\/wp-json\/wp\/v2\/comments?post=145384"}],"version-history":[{"count":0,"href":"https:\/\/linitiative.ca\/International\/wp-json\/wp\/v2\/posts\/145384\/revisions"}],"wp:attachment":[{"href":"https:\/\/linitiative.ca\/International\/wp-json\/wp\/v2\/media?parent=145384"}],"wp:term":[{"taxonomy":"category","embeddable":true,"href":"https:\/\/linitiative.ca\/International\/wp-json\/wp\/v2\/categories?post=145384"},{"taxonomy":"post_tag","embeddable":true,"href":"https:\/\/linitiative.ca\/International\/wp-json\/wp\/v2\/tags?post=145384"}],"curies":[{"name":"wp","href":"https:\/\/api.w.org\/{rel}","templated":true}]}}