{"id":145389,"date":"2022-04-13T01:42:00","date_gmt":"2022-04-13T05:42:00","guid":{"rendered":"https:\/\/linitiative.ca\/International\/bayern-larrogance-de-nagelsmann-nest-pas-passee-a-villarreal\/"},"modified":"2022-04-13T01:42:00","modified_gmt":"2022-04-13T05:42:00","slug":"bayern-larrogance-de-nagelsmann-nest-pas-passee-a-villarreal","status":"publish","type":"post","link":"https:\/\/linitiative.ca\/International\/bayern-larrogance-de-nagelsmann-nest-pas-passee-a-villarreal\/","title":{"rendered":"Bayern : L&rsquo;arrogance de Nagelsmann n&rsquo;est pas pass\u00e9e \u00e0 Villarreal"},"content":{"rendered":"<div>Les joueurs de Villarreal ont mal v\u00e9cu les d\u00e9clarations d\u2019avant-match de Julian Nagelsmann, l\u2019entra\u00eeneur du Bayern Munich<\/div>\n<p>Auteur:<br \/>\n<a href=\"https:\/\/www.lebuteur.com\/article\/detail?titre=bayern-larrogance-de-nagelsmann-nest-pas-passee-a-villarreal&#038;id=102691\">Cliquez ici pour lire l&rsquo;article depuis sa source.<\/a><\/p>\n","protected":false},"excerpt":{"rendered":"<p>Les joueurs de Villarreal ont mal v\u00e9cu les d\u00e9clarations d\u2019avant-match de Julian Nagelsmann, l\u2019entra\u00eeneur du Bayern Munich Auteur: Cliquez ici pour lire l&rsquo;article depuis sa source.<\/p>\n","protected":false},"author":1738,"featured_media":0,"comment_status":"closed","ping_status":"closed","sticky":false,"template":"","format":"standard","meta":{"fifu_image_url":"","fifu_image_alt":"","footnotes":""},"categories":[53,75],"tags":[],"class_list":["post-145389","post","type-post","status-publish","format-standard","hentry","category-algerie","category-sport"],"_links":{"self":[{"href":"https:\/\/linitiative.ca\/International\/wp-json\/wp\/v2\/posts\/145389","targetHints":{"allow":["GET"]}}],"collection":[{"href":"https:\/\/linitiative.ca\/International\/wp-json\/wp\/v2\/posts"}],"about":[{"href":"https:\/\/linitiative.ca\/International\/wp-json\/wp\/v2\/types\/post"}],"author":[{"embeddable":true,"href":"https:\/\/linitiative.ca\/International\/wp-json\/wp\/v2\/users\/1738"}],"replies":[{"embeddable":true,"href":"https:\/\/linitiative.ca\/International\/wp-json\/wp\/v2\/comments?post=145389"}],"version-history":[{"count":0,"href":"https:\/\/linitiative.ca\/International\/wp-json\/wp\/v2\/posts\/145389\/revisions"}],"wp:attachment":[{"href":"https:\/\/linitiative.ca\/International\/wp-json\/wp\/v2\/media?parent=145389"}],"wp:term":[{"taxonomy":"category","embeddable":true,"href":"https:\/\/linitiative.ca\/International\/wp-json\/wp\/v2\/categories?post=145389"},{"taxonomy":"post_tag","embeddable":true,"href":"https:\/\/linitiative.ca\/International\/wp-json\/wp\/v2\/tags?post=145389"}],"curies":[{"name":"wp","href":"https:\/\/api.w.org\/{rel}","templated":true}]}}