{"id":145390,"date":"2022-04-13T01:48:00","date_gmt":"2022-04-13T05:48:00","guid":{"rendered":"https:\/\/linitiative.ca\/International\/atletico-madrid-manchester-city-les-compositions-probables\/"},"modified":"2022-04-13T01:48:00","modified_gmt":"2022-04-13T05:48:00","slug":"atletico-madrid-manchester-city-les-compositions-probables","status":"publish","type":"post","link":"https:\/\/linitiative.ca\/International\/atletico-madrid-manchester-city-les-compositions-probables\/","title":{"rendered":"Atl\u00e9tico Madrid &#8211; Manchester City  : Les compositions probables"},"content":{"rendered":"<div>Manchester City se d\u00e9place sur la pelouse de l&rsquo;Atl\u00e9tico Madrid ce mercredi \u00e0 partir de 20h avec un court avantage r\u00e9colt\u00e9 \u00e0 l&rsquo;aller apr\u00e8s le but de Kevin De Bruyne<\/div>\n<p>Auteur:<br \/>\n<a href=\"https:\/\/www.lebuteur.com\/article\/detail?titre=atletico-madrid-manchester-city-les-compositions-probables&#038;id=102692\">Cliquez ici pour lire l&rsquo;article depuis sa source.<\/a><\/p>\n","protected":false},"excerpt":{"rendered":"<p>Manchester City se d\u00e9place sur la pelouse de l&rsquo;Atl\u00e9tico Madrid ce mercredi \u00e0 partir de 20h avec un court avantage r\u00e9colt\u00e9 \u00e0 l&rsquo;aller apr\u00e8s le but de Kevin De Bruyne Auteur: Cliquez ici pour lire l&rsquo;article depuis sa source.<\/p>\n","protected":false},"author":1738,"featured_media":0,"comment_status":"closed","ping_status":"closed","sticky":false,"template":"","format":"standard","meta":{"fifu_image_url":"","fifu_image_alt":"","footnotes":""},"categories":[53,75],"tags":[],"class_list":["post-145390","post","type-post","status-publish","format-standard","hentry","category-algerie","category-sport"],"_links":{"self":[{"href":"https:\/\/linitiative.ca\/International\/wp-json\/wp\/v2\/posts\/145390","targetHints":{"allow":["GET"]}}],"collection":[{"href":"https:\/\/linitiative.ca\/International\/wp-json\/wp\/v2\/posts"}],"about":[{"href":"https:\/\/linitiative.ca\/International\/wp-json\/wp\/v2\/types\/post"}],"author":[{"embeddable":true,"href":"https:\/\/linitiative.ca\/International\/wp-json\/wp\/v2\/users\/1738"}],"replies":[{"embeddable":true,"href":"https:\/\/linitiative.ca\/International\/wp-json\/wp\/v2\/comments?post=145390"}],"version-history":[{"count":0,"href":"https:\/\/linitiative.ca\/International\/wp-json\/wp\/v2\/posts\/145390\/revisions"}],"wp:attachment":[{"href":"https:\/\/linitiative.ca\/International\/wp-json\/wp\/v2\/media?parent=145390"}],"wp:term":[{"taxonomy":"category","embeddable":true,"href":"https:\/\/linitiative.ca\/International\/wp-json\/wp\/v2\/categories?post=145390"},{"taxonomy":"post_tag","embeddable":true,"href":"https:\/\/linitiative.ca\/International\/wp-json\/wp\/v2\/tags?post=145390"}],"curies":[{"name":"wp","href":"https:\/\/api.w.org\/{rel}","templated":true}]}}