{"id":145391,"date":"2022-04-13T12:57:00","date_gmt":"2022-04-13T16:57:00","guid":{"rendered":"https:\/\/linitiative.ca\/International\/le-barca-veut-bensebaini-mais-doit-faire-face-a-une-serieuse-concurrence\/"},"modified":"2022-04-13T12:57:00","modified_gmt":"2022-04-13T16:57:00","slug":"le-barca-veut-bensebaini-mais-doit-faire-face-a-une-serieuse-concurrence","status":"publish","type":"post","link":"https:\/\/linitiative.ca\/International\/le-barca-veut-bensebaini-mais-doit-faire-face-a-une-serieuse-concurrence\/","title":{"rendered":"Le Bar\u00e7a veut Bensebaini mais doit faire face \u00e0 une s\u00e9rieuse concurrence"},"content":{"rendered":"<div>Les dirigeants du FC Barcelone devront faire face \u00e0 une grosse concurrence dans le dossier de l\u2019arri\u00e8re gauche alg\u00e9rien, Ramy Bensebaini<\/div>\n<p>Auteur:<br \/>\n<a href=\"https:\/\/www.lebuteur.com\/article\/detail?titre=le-barca-veut-bensebaini-mais-doit-faire-face-a-une-serieuse-concurrence&#038;id=102693\">Cliquez ici pour lire l&rsquo;article depuis sa source.<\/a><\/p>\n","protected":false},"excerpt":{"rendered":"<p>Les dirigeants du FC Barcelone devront faire face \u00e0 une grosse concurrence dans le dossier de l\u2019arri\u00e8re gauche alg\u00e9rien, Ramy Bensebaini Auteur: Cliquez ici pour lire l&rsquo;article depuis sa source.<\/p>\n","protected":false},"author":1738,"featured_media":0,"comment_status":"closed","ping_status":"closed","sticky":false,"template":"","format":"standard","meta":{"fifu_image_url":"","fifu_image_alt":"","footnotes":""},"categories":[53,75],"tags":[],"class_list":["post-145391","post","type-post","status-publish","format-standard","hentry","category-algerie","category-sport"],"_links":{"self":[{"href":"https:\/\/linitiative.ca\/International\/wp-json\/wp\/v2\/posts\/145391","targetHints":{"allow":["GET"]}}],"collection":[{"href":"https:\/\/linitiative.ca\/International\/wp-json\/wp\/v2\/posts"}],"about":[{"href":"https:\/\/linitiative.ca\/International\/wp-json\/wp\/v2\/types\/post"}],"author":[{"embeddable":true,"href":"https:\/\/linitiative.ca\/International\/wp-json\/wp\/v2\/users\/1738"}],"replies":[{"embeddable":true,"href":"https:\/\/linitiative.ca\/International\/wp-json\/wp\/v2\/comments?post=145391"}],"version-history":[{"count":0,"href":"https:\/\/linitiative.ca\/International\/wp-json\/wp\/v2\/posts\/145391\/revisions"}],"wp:attachment":[{"href":"https:\/\/linitiative.ca\/International\/wp-json\/wp\/v2\/media?parent=145391"}],"wp:term":[{"taxonomy":"category","embeddable":true,"href":"https:\/\/linitiative.ca\/International\/wp-json\/wp\/v2\/categories?post=145391"},{"taxonomy":"post_tag","embeddable":true,"href":"https:\/\/linitiative.ca\/International\/wp-json\/wp\/v2\/tags?post=145391"}],"curies":[{"name":"wp","href":"https:\/\/api.w.org\/{rel}","templated":true}]}}