{"id":145397,"date":"2022-04-12T17:10:00","date_gmt":"2022-04-12T21:10:00","guid":{"rendered":"https:\/\/linitiative.ca\/International\/gilles-kepel-a-lena-de-tunis-reflechissons-aux-bouleversements-gigantesques-de-la-guerre-en-ukraine-album-photos\/"},"modified":"2022-04-12T17:10:00","modified_gmt":"2022-04-12T21:10:00","slug":"gilles-kepel-a-lena-de-tunis-reflechissons-aux-bouleversements-gigantesques-de-la-guerre-en-ukraine-album-photos","status":"publish","type":"post","link":"https:\/\/linitiative.ca\/International\/gilles-kepel-a-lena-de-tunis-reflechissons-aux-bouleversements-gigantesques-de-la-guerre-en-ukraine-album-photos\/","title":{"rendered":"Gilles Kepel \u00e0 l\u2019ENA de Tunis : R\u00e9fl\u00e9chissons aux bouleversements gigantesques de la guerre en Ukraine (Album photos)"},"content":{"rendered":"<div><img decoding=\"async\" src=\"https:\/\/linitiative.ca\/International\/wp-content\/uploads\/sites\/23\/2022\/04\/1649797525_article.jpg\" alt=\"Gilles Kepel \u00e0 l\u2019ENA de Tunis : R\u00e9fl\u00e9chissons aux bouleversements gigantesque de la guerre en Ukraine (Album photos)\" align=\"left\">\u00ab\u00a0Alors, vous les jeunes, et futurs grands commis de l\u2019Etat tunisien, comment percevez-vous cette d\u00e9stabilisation profonde du syst\u00e8me international qu\u2019op\u00e8re la guerre en Ukraine\u00a0? Une source d\u2019inqui\u00e9tude\u00a0? Des opportunit\u00e9s nouvelles qui s\u2019offrent \u00e0 d\u2019autres pays de la r\u00e9gion\u00a0?\u00a0\u00bb Gilles Kepel ne pouvait mieux interpeller les \u00e9tudiants du cycle sup\u00e9rieur de l\u2019\u00c9cole nationale d\u2019Administration (ENA), \u00e0 l\u2019issue de sa conf\u00e9rence, ce mardi matin, sur la g\u00e9ostrat\u00e9gie dans la r\u00e9gion et son voisinage. Envoy\u00e9 sp\u00e9cial du pr\u00e9sident de la R\u00e9publique fran\u00e7aise, Emanuel Macron, aupr\u00e8s de son homologue tunisien, Kais Sa\u00efed, l\u2019\u00e9minent politologue a ins\u00e9r\u00e9 &#8230;<\/p>\n<\/div>\n<p>Auteur:<br \/>\n<a href=\"https:\/\/www.leaders.com.tn\/article\/33236-gilles-kepel-a-l-ena-de-tunis-reflechissons-aux-bouleversements-gigantesque-de-la-guerre-en-ukraine-album-photos\">Cliquez ici pour lire l&rsquo;article depuis sa source.<\/a><\/p>\n","protected":false},"excerpt":{"rendered":"<p>\u00ab\u00a0Alors, vous les jeunes, et futurs grands commis de l\u2019Etat tunisien, comment percevez-vous cette d\u00e9stabilisation profonde du syst\u00e8me international qu\u2019op\u00e8re la guerre en Ukraine\u00a0? Une source d\u2019inqui\u00e9tude\u00a0? Des opportunit\u00e9s nouvelles qui s\u2019offrent \u00e0 d\u2019autres pays de la r\u00e9gion\u00a0?\u00a0\u00bb Gilles Kepel ne pouvait mieux interpeller les \u00e9tudiants du cycle sup\u00e9rieur de l\u2019\u00c9cole nationale d\u2019Administration (ENA), \u00e0 [&hellip;]<\/p>\n","protected":false},"author":1772,"featured_media":0,"comment_status":"closed","ping_status":"closed","sticky":false,"template":"","format":"standard","meta":{"fifu_image_url":"http:\/\/www.leaders.com.tn\/uploads\/content\/thumbnails_small\/1649797525_article.jpg","fifu_image_alt":"Gilles Kepel \u00e0 l\u2019ENA de Tunis : R\u00e9fl\u00e9chissons aux bouleversements gigantesques de la guerre en Ukraine (Album photos)","footnotes":""},"categories":[73,55],"tags":[],"class_list":["post-145397","post","type-post","status-publish","format-standard","hentry","category-actualite","category-tunisie"],"_links":{"self":[{"href":"https:\/\/linitiative.ca\/International\/wp-json\/wp\/v2\/posts\/145397","targetHints":{"allow":["GET"]}}],"collection":[{"href":"https:\/\/linitiative.ca\/International\/wp-json\/wp\/v2\/posts"}],"about":[{"href":"https:\/\/linitiative.ca\/International\/wp-json\/wp\/v2\/types\/post"}],"author":[{"embeddable":true,"href":"https:\/\/linitiative.ca\/International\/wp-json\/wp\/v2\/users\/1772"}],"replies":[{"embeddable":true,"href":"https:\/\/linitiative.ca\/International\/wp-json\/wp\/v2\/comments?post=145397"}],"version-history":[{"count":0,"href":"https:\/\/linitiative.ca\/International\/wp-json\/wp\/v2\/posts\/145397\/revisions"}],"wp:attachment":[{"href":"https:\/\/linitiative.ca\/International\/wp-json\/wp\/v2\/media?parent=145397"}],"wp:term":[{"taxonomy":"category","embeddable":true,"href":"https:\/\/linitiative.ca\/International\/wp-json\/wp\/v2\/categories?post=145397"},{"taxonomy":"post_tag","embeddable":true,"href":"https:\/\/linitiative.ca\/International\/wp-json\/wp\/v2\/tags?post=145397"}],"curies":[{"name":"wp","href":"https:\/\/api.w.org\/{rel}","templated":true}]}}