{"id":145399,"date":"2022-04-12T17:23:00","date_gmt":"2022-04-12T21:23:00","guid":{"rendered":"https:\/\/linitiative.ca\/International\/macron-saied-les-messages-relayes-par-gilles-kepel\/"},"modified":"2022-04-12T17:23:00","modified_gmt":"2022-04-12T21:23:00","slug":"macron-saied-les-messages-relayes-par-gilles-kepel","status":"publish","type":"post","link":"https:\/\/linitiative.ca\/International\/macron-saied-les-messages-relayes-par-gilles-kepel\/","title":{"rendered":"Macron \u2013 Sa\u00efed : Les messages relay\u00e9s par Gilles Kepel"},"content":{"rendered":"<div><img decoding=\"async\" src=\"https:\/\/linitiative.ca\/International\/wp-content\/uploads\/sites\/23\/2022\/04\/1649799788_article.jpg\" alt=\" Macron \u2013 Sa\u00efed : Les messages relay\u00e9s par Gilles Kepel\" align=\"left\">Simple hasard du calendrier, ou choix d\u00e9lib\u00e9r\u00e9 de la date\u00a0? D\u00e9p\u00eacher par le pr\u00e9sident Emmanuel Macron, un envoy\u00e9 sp\u00e9cial aupr\u00e8s de son homologue tunisien Kais Sa\u00efed, le lendemain m\u00eame du 1er tour de l\u2019\u00e9lection pr\u00e9sidentielle en France, ne passe pas inaper\u00e7u. Encore plus, s\u2019agissant de Gilles Kepel, universitaire, politologue, sp\u00e9cialiste du monde arabe et des mouvements islamistes. Quel message porte-t-il de l\u2019\u00c9lys\u00e9e \u00e0 Carthage, et retour\u00a0?<br \/>\n\u00ab\u00a0Entre la Tunisie et la France, les relations sont au beau fixe. Elles demeureront toujours excellentes\u00a0\u00bb lui lancera d\u2019embl\u00e9e le pr\u00e9sident Kais Sa\u00efed, devant les cam\u00e9ras \u00e0 micros ouverts. Plus d\u2019une heure et &#8230;<\/p>\n<\/div>\n<p>Auteur:<br \/>\n<a href=\"https:\/\/www.leaders.com.tn\/article\/33235-macron-saied-les-messages-relayes-par-gilles-kepel\">Cliquez ici pour lire l&rsquo;article depuis sa source.<\/a><\/p>\n","protected":false},"excerpt":{"rendered":"<p>Simple hasard du calendrier, ou choix d\u00e9lib\u00e9r\u00e9 de la date\u00a0? D\u00e9p\u00eacher par le pr\u00e9sident Emmanuel Macron, un envoy\u00e9 sp\u00e9cial aupr\u00e8s de son homologue tunisien Kais Sa\u00efed, le lendemain m\u00eame du 1er tour de l\u2019\u00e9lection pr\u00e9sidentielle en France, ne passe pas inaper\u00e7u. Encore plus, s\u2019agissant de Gilles Kepel, universitaire, politologue, sp\u00e9cialiste du monde arabe et des [&hellip;]<\/p>\n","protected":false},"author":1772,"featured_media":0,"comment_status":"closed","ping_status":"closed","sticky":false,"template":"","format":"standard","meta":{"fifu_image_url":"http:\/\/www.leaders.com.tn\/uploads\/content\/thumbnails_small\/1649799788_article.jpg","fifu_image_alt":"Macron \u2013 Sa\u00efed : Les messages relay\u00e9s par Gilles Kepel","footnotes":""},"categories":[73,55],"tags":[],"class_list":["post-145399","post","type-post","status-publish","format-standard","hentry","category-actualite","category-tunisie"],"_links":{"self":[{"href":"https:\/\/linitiative.ca\/International\/wp-json\/wp\/v2\/posts\/145399","targetHints":{"allow":["GET"]}}],"collection":[{"href":"https:\/\/linitiative.ca\/International\/wp-json\/wp\/v2\/posts"}],"about":[{"href":"https:\/\/linitiative.ca\/International\/wp-json\/wp\/v2\/types\/post"}],"author":[{"embeddable":true,"href":"https:\/\/linitiative.ca\/International\/wp-json\/wp\/v2\/users\/1772"}],"replies":[{"embeddable":true,"href":"https:\/\/linitiative.ca\/International\/wp-json\/wp\/v2\/comments?post=145399"}],"version-history":[{"count":0,"href":"https:\/\/linitiative.ca\/International\/wp-json\/wp\/v2\/posts\/145399\/revisions"}],"wp:attachment":[{"href":"https:\/\/linitiative.ca\/International\/wp-json\/wp\/v2\/media?parent=145399"}],"wp:term":[{"taxonomy":"category","embeddable":true,"href":"https:\/\/linitiative.ca\/International\/wp-json\/wp\/v2\/categories?post=145399"},{"taxonomy":"post_tag","embeddable":true,"href":"https:\/\/linitiative.ca\/International\/wp-json\/wp\/v2\/tags?post=145399"}],"curies":[{"name":"wp","href":"https:\/\/api.w.org\/{rel}","templated":true}]}}