{"id":145401,"date":"2022-04-13T05:15:00","date_gmt":"2022-04-13T09:15:00","guid":{"rendered":"https:\/\/linitiative.ca\/International\/ahmed-nejib-chebbi-des-memoires-nourries-de-reflexions-et-de-propositions-davenir\/"},"modified":"2022-04-13T05:15:00","modified_gmt":"2022-04-13T09:15:00","slug":"ahmed-nejib-chebbi-des-memoires-nourries-de-reflexions-et-de-propositions-davenir","status":"publish","type":"post","link":"https:\/\/linitiative.ca\/International\/ahmed-nejib-chebbi-des-memoires-nourries-de-reflexions-et-de-propositions-davenir\/","title":{"rendered":"Ahmed N\u00e9jib Chebbi: Des m\u00e9moires nourries de r\u00e9flexions et de propositions d\u2019avenir"},"content":{"rendered":"<div><img decoding=\"async\" src=\"https:\/\/linitiative.ca\/International\/wp-content\/uploads\/sites\/23\/2022\/04\/1649835233_article.jpg\" alt=\"Ahmed N\u00e9jib Chebbi: Des m\u00e9moires nourries de r\u00e9flexions et de propositions d\u2019avenir\" align=\"left\">Jamais un militant politique au long et si riche parcours n\u2019aura \u00e9t\u00e9, comme lui, si proche d\u2019acc\u00e9der \u00e0 la pr\u00e9sidence de la R\u00e9publique, au lendemain du 14 janvier 2011. Ahmed N\u00e9jib Chebbi, figure de proue de la gauche tunisienne, leader du Parti d\u00e9mocrate progressiste (PDP) et totalement investi dans la transition d\u00e9mocratique annonc\u00e9e, \u00e9tait le mieux plac\u00e9 pour occuper cette haute charge. Rapidement, le vent tournera en sa d\u00e9faveur. Les \u00e9lections de l\u2019Assembl\u00e9e nationale constituante (ANC), le 23 octobre 2011, viendront sanctionner s\u00e9v\u00e8rement son parti, rel\u00e9gu\u00e9 au cinqui\u00e8me rang et n\u2019obtenant que 16 si\u00e8ges sur 217. Choc profond et totale d\u00e9sillusion, difficile &#8230;<\/p>\n<\/div>\n<p>Auteur:<br \/>\n<a href=\"https:\/\/www.leaders.com.tn\/article\/33237-ahmed-nejib-chebbi-des-memoires-nourries-de-reflexions-et-de-propositions-d-avenir\">Cliquez ici pour lire l&rsquo;article depuis sa source.<\/a><\/p>\n","protected":false},"excerpt":{"rendered":"<p>Jamais un militant politique au long et si riche parcours n\u2019aura \u00e9t\u00e9, comme lui, si proche d\u2019acc\u00e9der \u00e0 la pr\u00e9sidence de la R\u00e9publique, au lendemain du 14 janvier 2011. Ahmed N\u00e9jib Chebbi, figure de proue de la gauche tunisienne, leader du Parti d\u00e9mocrate progressiste (PDP) et totalement investi dans la transition d\u00e9mocratique annonc\u00e9e, \u00e9tait le [&hellip;]<\/p>\n","protected":false},"author":1772,"featured_media":0,"comment_status":"closed","ping_status":"closed","sticky":false,"template":"","format":"standard","meta":{"fifu_image_url":"http:\/\/www.leaders.com.tn\/uploads\/content\/thumbnails_small\/1649835233_article.jpg","fifu_image_alt":"Ahmed N\u00e9jib Chebbi: Des m\u00e9moires nourries de r\u00e9flexions et de propositions d\u2019avenir","footnotes":""},"categories":[73,55],"tags":[],"class_list":["post-145401","post","type-post","status-publish","format-standard","hentry","category-actualite","category-tunisie"],"_links":{"self":[{"href":"https:\/\/linitiative.ca\/International\/wp-json\/wp\/v2\/posts\/145401","targetHints":{"allow":["GET"]}}],"collection":[{"href":"https:\/\/linitiative.ca\/International\/wp-json\/wp\/v2\/posts"}],"about":[{"href":"https:\/\/linitiative.ca\/International\/wp-json\/wp\/v2\/types\/post"}],"author":[{"embeddable":true,"href":"https:\/\/linitiative.ca\/International\/wp-json\/wp\/v2\/users\/1772"}],"replies":[{"embeddable":true,"href":"https:\/\/linitiative.ca\/International\/wp-json\/wp\/v2\/comments?post=145401"}],"version-history":[{"count":0,"href":"https:\/\/linitiative.ca\/International\/wp-json\/wp\/v2\/posts\/145401\/revisions"}],"wp:attachment":[{"href":"https:\/\/linitiative.ca\/International\/wp-json\/wp\/v2\/media?parent=145401"}],"wp:term":[{"taxonomy":"category","embeddable":true,"href":"https:\/\/linitiative.ca\/International\/wp-json\/wp\/v2\/categories?post=145401"},{"taxonomy":"post_tag","embeddable":true,"href":"https:\/\/linitiative.ca\/International\/wp-json\/wp\/v2\/tags?post=145401"}],"curies":[{"name":"wp","href":"https:\/\/api.w.org\/{rel}","templated":true}]}}