{"id":145403,"date":"2022-04-13T08:23:00","date_gmt":"2022-04-13T12:23:00","guid":{"rendered":"https:\/\/linitiative.ca\/International\/tunisie-le-istichira-electronique-3-remarques-et-1-question\/"},"modified":"2022-04-13T08:23:00","modified_gmt":"2022-04-13T12:23:00","slug":"tunisie-le-istichira-electronique-3-remarques-et-1-question","status":"publish","type":"post","link":"https:\/\/linitiative.ca\/International\/tunisie-le-istichira-electronique-3-remarques-et-1-question\/","title":{"rendered":"Tunisie &#8211; L\u2019E-Istichira \u00e9lectronique: 3 remarques et 1 question"},"content":{"rendered":"<div><img decoding=\"async\" src=\"https:\/\/linitiative.ca\/International\/wp-content\/uploads\/sites\/23\/2022\/04\/1649856699_article.jpg\" alt=\"L\u2019E-Istichira \u00e9lectronique: 3 remarques et 1 question\" align=\"left\">Par Moncef Ben Slimane &#8211; L\u2019E-istichira nationale est close et ses r\u00e9sultats publi\u00e9s.<br \/>\nCette initiative du Pr\u00e9sident de la R\u00e9publique inaugurera un mode d\u2019investigation original de la perception de l\u2019avenir politique de la nation par les tunisien-ne-s.<br \/>\nElle a certainement pour objectif de rompre avec le processus de la transition de 2011 pilot\u00e9e par le triumvirat: Foued Mbazz\u00e2a \u2013 feu Ca\u00efd Essebsi \u2013 Y. Ben Achour. Une transition annonc\u00e9e par Ben Ali dans son discours du 13 janvier 2011, lequel lui a conf\u00e9r\u00e9 sa l\u00e9galit\u00e9 sans la l\u00e9gitimit\u00e9 requise du peuple tunisien.<br \/>\nEtant donn\u00e9 que la consultation est cens\u00e9e construire l\u2019avenir politique de notre pays \u00e0 court et &#8230;<\/p>\n<\/div>\n<p>Auteur:<br \/>\n<a href=\"https:\/\/www.leaders.com.tn\/article\/33239-l-e-istichira-electronique-3-remarques-et-1-question\">Cliquez ici pour lire l&rsquo;article depuis sa source.<\/a><\/p>\n","protected":false},"excerpt":{"rendered":"<p>Par Moncef Ben Slimane &#8211; L\u2019E-istichira nationale est close et ses r\u00e9sultats publi\u00e9s. Cette initiative du Pr\u00e9sident de la R\u00e9publique inaugurera un mode d\u2019investigation original de la perception de l\u2019avenir politique de la nation par les tunisien-ne-s. Elle a certainement pour objectif de rompre avec le processus de la transition de 2011 pilot\u00e9e par le [&hellip;]<\/p>\n","protected":false},"author":1772,"featured_media":0,"comment_status":"closed","ping_status":"closed","sticky":false,"template":"","format":"standard","meta":{"fifu_image_url":"http:\/\/www.leaders.com.tn\/uploads\/content\/thumbnails_small\/1649856699_article.jpg","fifu_image_alt":"Tunisie - L\u2019E-Istichira \u00e9lectronique: 3 remarques et 1 question","footnotes":""},"categories":[73,55],"tags":[],"class_list":["post-145403","post","type-post","status-publish","format-standard","hentry","category-actualite","category-tunisie"],"_links":{"self":[{"href":"https:\/\/linitiative.ca\/International\/wp-json\/wp\/v2\/posts\/145403","targetHints":{"allow":["GET"]}}],"collection":[{"href":"https:\/\/linitiative.ca\/International\/wp-json\/wp\/v2\/posts"}],"about":[{"href":"https:\/\/linitiative.ca\/International\/wp-json\/wp\/v2\/types\/post"}],"author":[{"embeddable":true,"href":"https:\/\/linitiative.ca\/International\/wp-json\/wp\/v2\/users\/1772"}],"replies":[{"embeddable":true,"href":"https:\/\/linitiative.ca\/International\/wp-json\/wp\/v2\/comments?post=145403"}],"version-history":[{"count":0,"href":"https:\/\/linitiative.ca\/International\/wp-json\/wp\/v2\/posts\/145403\/revisions"}],"wp:attachment":[{"href":"https:\/\/linitiative.ca\/International\/wp-json\/wp\/v2\/media?parent=145403"}],"wp:term":[{"taxonomy":"category","embeddable":true,"href":"https:\/\/linitiative.ca\/International\/wp-json\/wp\/v2\/categories?post=145403"},{"taxonomy":"post_tag","embeddable":true,"href":"https:\/\/linitiative.ca\/International\/wp-json\/wp\/v2\/tags?post=145403"}],"curies":[{"name":"wp","href":"https:\/\/api.w.org\/{rel}","templated":true}]}}