{"id":145405,"date":"2022-04-13T12:30:00","date_gmt":"2022-04-13T16:30:00","guid":{"rendered":"https:\/\/linitiative.ca\/International\/quand-lart-fete-sa-fete-a-sfax-focus-sur-la-27eme-session-du-salon-annuel-des-arts-de-sfax\/"},"modified":"2022-04-13T12:30:00","modified_gmt":"2022-04-13T16:30:00","slug":"quand-lart-fete-sa-fete-a-sfax-focus-sur-la-27eme-session-du-salon-annuel-des-arts-de-sfax","status":"publish","type":"post","link":"https:\/\/linitiative.ca\/International\/quand-lart-fete-sa-fete-a-sfax-focus-sur-la-27eme-session-du-salon-annuel-des-arts-de-sfax\/","title":{"rendered":"Quand l\u2019art f\u00eate sa f\u00eate \u00e0 Sfax: Focus sur la 27\u00e8me session du Salon Annuel des Arts de Sfax"},"content":{"rendered":"<div><img decoding=\"async\" src=\"https:\/\/linitiative.ca\/International\/wp-content\/uploads\/sites\/23\/2022\/04\/1649856645_article.jpg\" alt=\"Quand l\u2019art f\u00eate sa f\u00eate \u00e0 Sfax: Focus sur la 27\u00e8me session du Salon Annuel des Arts de Sfax\" align=\"left\">Par Nizar Mouakhar &#8211; De retour de la vingt-septi\u00e8me session du Salon Annuel des Arts de Sfax qui se tient actuellement \u00e0 la Salle municipale des f\u00eates jusqu\u2019au 16 avril 2022, je voudrais consacrer mon propos \u00e0 la critique g\u00e9n\u00e9rale de cet \u00e9v\u00e8nement culturel et artistique r\u00e9gional majeur, grand ami du printemps. Et cela ne peut se faire qu\u2019en d\u00e9gageant les avantages et les inconv\u00e9nients de celui-ci.\u00a0\u00a0<br \/>\n\u00c0 vrai dire, la premi\u00e8re impression que j\u2019ai eue tout de suite c\u2019est d\u2019abord la fra\u00eecheur qui se d\u00e9gage de l\u2019ensemble des travaux pr\u00e9sent\u00e9s. Abordant une pluralit\u00e9 de sujets qui vont de l\u2019art abstrait \u00e0 la nouvelle figuration en passant par la mythologie, &#8230;<\/p>\n<\/div>\n<p>Auteur:<br \/>\n<a href=\"https:\/\/www.leaders.com.tn\/article\/33241-quand-l-art-fete-sa-fete-a-sfax-focus-sur-la-27eme-session-du-salon-annuel-des-arts-de-sfax\">Cliquez ici pour lire l&rsquo;article depuis sa source.<\/a><\/p>\n","protected":false},"excerpt":{"rendered":"<p>Par Nizar Mouakhar &#8211; De retour de la vingt-septi\u00e8me session du Salon Annuel des Arts de Sfax qui se tient actuellement \u00e0 la Salle municipale des f\u00eates jusqu\u2019au 16 avril 2022, je voudrais consacrer mon propos \u00e0 la critique g\u00e9n\u00e9rale de cet \u00e9v\u00e8nement culturel et artistique r\u00e9gional majeur, grand ami du printemps. Et cela ne [&hellip;]<\/p>\n","protected":false},"author":1772,"featured_media":0,"comment_status":"closed","ping_status":"closed","sticky":false,"template":"","format":"standard","meta":{"fifu_image_url":"http:\/\/www.leaders.com.tn\/uploads\/content\/thumbnails_small\/1649856645_article.jpg","fifu_image_alt":"Quand l\u2019art f\u00eate sa f\u00eate \u00e0 Sfax: Focus sur la 27\u00e8me session du Salon Annuel des Arts de Sfax","footnotes":""},"categories":[73,55],"tags":[],"class_list":["post-145405","post","type-post","status-publish","format-standard","hentry","category-actualite","category-tunisie"],"_links":{"self":[{"href":"https:\/\/linitiative.ca\/International\/wp-json\/wp\/v2\/posts\/145405","targetHints":{"allow":["GET"]}}],"collection":[{"href":"https:\/\/linitiative.ca\/International\/wp-json\/wp\/v2\/posts"}],"about":[{"href":"https:\/\/linitiative.ca\/International\/wp-json\/wp\/v2\/types\/post"}],"author":[{"embeddable":true,"href":"https:\/\/linitiative.ca\/International\/wp-json\/wp\/v2\/users\/1772"}],"replies":[{"embeddable":true,"href":"https:\/\/linitiative.ca\/International\/wp-json\/wp\/v2\/comments?post=145405"}],"version-history":[{"count":0,"href":"https:\/\/linitiative.ca\/International\/wp-json\/wp\/v2\/posts\/145405\/revisions"}],"wp:attachment":[{"href":"https:\/\/linitiative.ca\/International\/wp-json\/wp\/v2\/media?parent=145405"}],"wp:term":[{"taxonomy":"category","embeddable":true,"href":"https:\/\/linitiative.ca\/International\/wp-json\/wp\/v2\/categories?post=145405"},{"taxonomy":"post_tag","embeddable":true,"href":"https:\/\/linitiative.ca\/International\/wp-json\/wp\/v2\/tags?post=145405"}],"curies":[{"name":"wp","href":"https:\/\/api.w.org\/{rel}","templated":true}]}}