{"id":145415,"date":"2022-04-13T17:00:00","date_gmt":"2022-04-13T21:00:00","guid":{"rendered":"https:\/\/linitiative.ca\/International\/maroc-du-renfort-pour-laquaculture\/"},"modified":"2022-04-13T17:00:00","modified_gmt":"2022-04-13T21:00:00","slug":"maroc-du-renfort-pour-laquaculture","status":"publish","type":"post","link":"https:\/\/linitiative.ca\/International\/maroc-du-renfort-pour-laquaculture\/","title":{"rendered":"Maroc. Du renfort pour l\u2019aquaculture"},"content":{"rendered":"<div><img decoding=\"async\" width=\"1200\" height=\"611\" src=\"https:\/\/linitiative.ca\/International\/wp-content\/uploads\/sites\/23\/2022\/04\/aquaculture-1.jpg\" class=\"attachment-post-thumbnail size-post-thumbnail wp-post-image\" alt=\"\" loading=\"lazy\" srcset=\"https:\/\/linitiative.ca\/International\/wp-content\/uploads\/sites\/23\/2022\/04\/aquaculture-1.jpg 1200w, https:\/\/www.challenge.ma\/wp-content\/uploads\/2021\/04\/aquaculture-1-300x153.jpg 300w, https:\/\/www.challenge.ma\/wp-content\/uploads\/2021\/04\/aquaculture-1-1024x521.jpg 1024w, https:\/\/www.challenge.ma\/wp-content\/uploads\/2021\/04\/aquaculture-1-768x391.jpg 768w, https:\/\/www.challenge.ma\/wp-content\/uploads\/2021\/04\/aquaculture-1-360x183.jpg 360w\" sizes=\"auto, (max-width: 1200px) 100vw, 1200px\" itemprop=\"image\">Dans le but de renforcer le d\u00e9veloppement du secteur aquacole marocain, un projet de jumelage entre le Maroc et l\u2019Union Europ\u00e9enne (UE) a \u00e9t\u00e9 lanc\u00e9 le 13 avril. Il s\u2019agit d\u2019un projet de jumelage institutionnel qui s\u2019inscrit dans le cadre du Programme de coop\u00e9ration multisectoriel \u00ab\u00a0R\u00e9ussir le Statut Avanc\u00e9\u00a0\u00bb (RSA<\/div>\n<p>Auteur: Roland Amoussou<br \/>\n<a href=\"https:\/\/www.challenge.ma\/maroc-du-renfort-pour-laquaculture-236704\/\">Cliquez ici pour lire l&rsquo;article depuis sa source.<\/a><\/p>\n","protected":false},"excerpt":{"rendered":"<p>Dans le but de renforcer le d\u00e9veloppement du secteur aquacole marocain, un projet de jumelage entre le Maroc et l\u2019Union Europ\u00e9enne (UE) a \u00e9t\u00e9 lanc\u00e9 le 13 avril. Il s\u2019agit d\u2019un projet de jumelage institutionnel qui s\u2019inscrit dans le cadre du Programme de coop\u00e9ration multisectoriel \u00ab\u00a0R\u00e9ussir le Statut Avanc\u00e9\u00a0\u00bb (RSA Auteur: Roland Amoussou Cliquez ici [&hellip;]<\/p>\n","protected":false},"author":1787,"featured_media":0,"comment_status":"closed","ping_status":"closed","sticky":false,"template":"","format":"standard","meta":{"fifu_image_url":"https:\/\/www.challenge.ma\/wp-content\/uploads\/2021\/04\/aquaculture-1.jpg","fifu_image_alt":"Maroc. Du renfort pour l\u2019aquaculture","footnotes":""},"categories":[78,54],"tags":[],"class_list":["post-145415","post","type-post","status-publish","format-standard","hentry","category-economie","category-maroc"],"_links":{"self":[{"href":"https:\/\/linitiative.ca\/International\/wp-json\/wp\/v2\/posts\/145415","targetHints":{"allow":["GET"]}}],"collection":[{"href":"https:\/\/linitiative.ca\/International\/wp-json\/wp\/v2\/posts"}],"about":[{"href":"https:\/\/linitiative.ca\/International\/wp-json\/wp\/v2\/types\/post"}],"author":[{"embeddable":true,"href":"https:\/\/linitiative.ca\/International\/wp-json\/wp\/v2\/users\/1787"}],"replies":[{"embeddable":true,"href":"https:\/\/linitiative.ca\/International\/wp-json\/wp\/v2\/comments?post=145415"}],"version-history":[{"count":0,"href":"https:\/\/linitiative.ca\/International\/wp-json\/wp\/v2\/posts\/145415\/revisions"}],"wp:attachment":[{"href":"https:\/\/linitiative.ca\/International\/wp-json\/wp\/v2\/media?parent=145415"}],"wp:term":[{"taxonomy":"category","embeddable":true,"href":"https:\/\/linitiative.ca\/International\/wp-json\/wp\/v2\/categories?post=145415"},{"taxonomy":"post_tag","embeddable":true,"href":"https:\/\/linitiative.ca\/International\/wp-json\/wp\/v2\/tags?post=145415"}],"curies":[{"name":"wp","href":"https:\/\/api.w.org\/{rel}","templated":true}]}}