{"id":145418,"date":"2022-04-13T16:53:59","date_gmt":"2022-04-13T20:53:59","guid":{"rendered":"https:\/\/linitiative.ca\/International\/sonede-beja-coupure-de-lapprovisionnement-en-eau-potable\/"},"modified":"2022-04-13T16:53:59","modified_gmt":"2022-04-13T20:53:59","slug":"sonede-beja-coupure-de-lapprovisionnement-en-eau-potable","status":"publish","type":"post","link":"https:\/\/linitiative.ca\/International\/sonede-beja-coupure-de-lapprovisionnement-en-eau-potable\/","title":{"rendered":"SONEDE-B\u00e9ja : Coupure de l\u2019approvisionnement en eau potable"},"content":{"rendered":"<div>\n<p>Les services de la Soci\u00e9t\u00e9 Tunisienne d\u2019Exploitation et de Distribution d\u2019Eau \u00e0 B\u00e9ja ont annonc\u00e9 ce mercredi soir, avoir enregistr\u00e9 une panne au niveau des canaux de captage d\u2019eau dans la d\u00e9l\u00e9gation de Nefza. Notant que cette panne a engendr\u00e9 des perturbations et interruptions de l\u2019approvisionnement en eau potable \u00e0 partir d\u2019aujourd\u2019hui. Les services de [\u2026]<\/p>\n<p>L\u2019article <a href=\"https:\/\/www.tunisienumerique.com\/sonede-beja-coupure-de-lapprovisionnement-en-eau-potable\/\">SONEDE-B\u00e9ja : Coupure de l\u2019approvisionnement en eau potable<\/a> est apparu en premier sur <a href=\"https:\/\/www.tunisienumerique.com\/\">Tunisie<\/a>.<\/p>\n<\/div>\n<p>Auteur: rania ben slimane<br \/>\n<a href=\"https:\/\/www.tunisienumerique.com\/sonede-beja-coupure-de-lapprovisionnement-en-eau-potable\/\">Cliquez ici pour lire l&rsquo;article depuis sa source.<\/a><\/p>\n","protected":false},"excerpt":{"rendered":"<p>Les services de la Soci\u00e9t\u00e9 Tunisienne d\u2019Exploitation et de Distribution d\u2019Eau \u00e0 B\u00e9ja ont annonc\u00e9 ce mercredi soir, avoir enregistr\u00e9 une panne au niveau des canaux de captage d\u2019eau dans la d\u00e9l\u00e9gation de Nefza. Notant que cette panne a engendr\u00e9 des perturbations et interruptions de l\u2019approvisionnement en eau potable \u00e0 partir d\u2019aujourd\u2019hui. Les services de [&hellip;]<\/p>\n","protected":false},"author":1789,"featured_media":0,"comment_status":"closed","ping_status":"closed","sticky":false,"template":"","format":"standard","meta":{"fifu_image_url":"","fifu_image_alt":"","footnotes":""},"categories":[73,55],"tags":[],"class_list":["post-145418","post","type-post","status-publish","format-standard","hentry","category-actualite","category-tunisie"],"_links":{"self":[{"href":"https:\/\/linitiative.ca\/International\/wp-json\/wp\/v2\/posts\/145418","targetHints":{"allow":["GET"]}}],"collection":[{"href":"https:\/\/linitiative.ca\/International\/wp-json\/wp\/v2\/posts"}],"about":[{"href":"https:\/\/linitiative.ca\/International\/wp-json\/wp\/v2\/types\/post"}],"author":[{"embeddable":true,"href":"https:\/\/linitiative.ca\/International\/wp-json\/wp\/v2\/users\/1789"}],"replies":[{"embeddable":true,"href":"https:\/\/linitiative.ca\/International\/wp-json\/wp\/v2\/comments?post=145418"}],"version-history":[{"count":0,"href":"https:\/\/linitiative.ca\/International\/wp-json\/wp\/v2\/posts\/145418\/revisions"}],"wp:attachment":[{"href":"https:\/\/linitiative.ca\/International\/wp-json\/wp\/v2\/media?parent=145418"}],"wp:term":[{"taxonomy":"category","embeddable":true,"href":"https:\/\/linitiative.ca\/International\/wp-json\/wp\/v2\/categories?post=145418"},{"taxonomy":"post_tag","embeddable":true,"href":"https:\/\/linitiative.ca\/International\/wp-json\/wp\/v2\/tags?post=145418"}],"curies":[{"name":"wp","href":"https:\/\/api.w.org\/{rel}","templated":true}]}}