{"id":145421,"date":"2022-04-13T17:19:49","date_gmt":"2022-04-13T21:19:49","guid":{"rendered":"https:\/\/linitiative.ca\/International\/tunisie-menzel-temime-audio-les-boulangeries-modernes-sont-menacees-de-fermeture-pour-cette-raison\/"},"modified":"2022-04-13T17:19:49","modified_gmt":"2022-04-13T21:19:49","slug":"tunisie-menzel-temime-audio-les-boulangeries-modernes-sont-menacees-de-fermeture-pour-cette-raison","status":"publish","type":"post","link":"https:\/\/linitiative.ca\/International\/tunisie-menzel-temime-audio-les-boulangeries-modernes-sont-menacees-de-fermeture-pour-cette-raison\/","title":{"rendered":"Tunisie-Menzel Temime [AUDIO] : Les boulangeries modernes sont menac\u00e9es de fermeture pour cette raison"},"content":{"rendered":"<div>\n<p>Les propri\u00e9taires de boulangeries modernes de la ville de Menzel Temime du gouvernorat de Nabeul font face \u00e0 un probl\u00e8me majeur qui menace la p\u00e9rennit\u00e9 de leur travail, celui de la p\u00e9nurie de farine et la difficult\u00e9 de l\u2019approvisionner. Dans ce contexte, Hatem Abid, propri\u00e9taire d\u2019une boulangerie moderne \u00e0 Menzel Temime a indiqu\u00e9 que l\u2019approvisionnement [\u2026]<\/p>\n<p>L\u2019article <a href=\"https:\/\/www.tunisienumerique.com\/tunisie-menzel-temime-audio-les-boulangeries-modernes-sont-menacees-de-fermeture-pour-cette-raison\/\">Tunisie-Menzel Temime [AUDIO] : Les boulangeries modernes sont menac\u00e9es de fermeture pour cette raison<\/a> est apparu en premier sur <a href=\"https:\/\/www.tunisienumerique.com\/\">Tunisie<\/a>.<\/p>\n<\/div>\n<p>Auteur: rania ben slimane<br \/>\n<a href=\"https:\/\/www.tunisienumerique.com\/tunisie-menzel-temime-audio-les-boulangeries-modernes-sont-menacees-de-fermeture-pour-cette-raison\/\">Cliquez ici pour lire l&rsquo;article depuis sa source.<\/a><\/p>\n","protected":false},"excerpt":{"rendered":"<p>Les propri\u00e9taires de boulangeries modernes de la ville de Menzel Temime du gouvernorat de Nabeul font face \u00e0 un probl\u00e8me majeur qui menace la p\u00e9rennit\u00e9 de leur travail, celui de la p\u00e9nurie de farine et la difficult\u00e9 de l\u2019approvisionner. Dans ce contexte, Hatem Abid, propri\u00e9taire d\u2019une boulangerie moderne \u00e0 Menzel Temime a indiqu\u00e9 que l\u2019approvisionnement [&hellip;]<\/p>\n","protected":false},"author":1789,"featured_media":0,"comment_status":"closed","ping_status":"closed","sticky":false,"template":"","format":"standard","meta":{"fifu_image_url":"","fifu_image_alt":"","footnotes":""},"categories":[73,55],"tags":[],"class_list":["post-145421","post","type-post","status-publish","format-standard","hentry","category-actualite","category-tunisie"],"_links":{"self":[{"href":"https:\/\/linitiative.ca\/International\/wp-json\/wp\/v2\/posts\/145421","targetHints":{"allow":["GET"]}}],"collection":[{"href":"https:\/\/linitiative.ca\/International\/wp-json\/wp\/v2\/posts"}],"about":[{"href":"https:\/\/linitiative.ca\/International\/wp-json\/wp\/v2\/types\/post"}],"author":[{"embeddable":true,"href":"https:\/\/linitiative.ca\/International\/wp-json\/wp\/v2\/users\/1789"}],"replies":[{"embeddable":true,"href":"https:\/\/linitiative.ca\/International\/wp-json\/wp\/v2\/comments?post=145421"}],"version-history":[{"count":0,"href":"https:\/\/linitiative.ca\/International\/wp-json\/wp\/v2\/posts\/145421\/revisions"}],"wp:attachment":[{"href":"https:\/\/linitiative.ca\/International\/wp-json\/wp\/v2\/media?parent=145421"}],"wp:term":[{"taxonomy":"category","embeddable":true,"href":"https:\/\/linitiative.ca\/International\/wp-json\/wp\/v2\/categories?post=145421"},{"taxonomy":"post_tag","embeddable":true,"href":"https:\/\/linitiative.ca\/International\/wp-json\/wp\/v2\/tags?post=145421"}],"curies":[{"name":"wp","href":"https:\/\/api.w.org\/{rel}","templated":true}]}}