{"id":145422,"date":"2022-04-13T15:36:25","date_gmt":"2022-04-13T19:36:25","guid":{"rendered":"https:\/\/linitiative.ca\/International\/lutte-contre-linsecurite-dans-les-grands-lacs-lappel-de-kagame-sera-t-il-entendu\/"},"modified":"2022-04-13T15:36:25","modified_gmt":"2022-04-13T19:36:25","slug":"lutte-contre-linsecurite-dans-les-grands-lacs-lappel-de-kagame-sera-t-il-entendu","status":"publish","type":"post","link":"https:\/\/linitiative.ca\/International\/lutte-contre-linsecurite-dans-les-grands-lacs-lappel-de-kagame-sera-t-il-entendu\/","title":{"rendered":"LUTTE CONTRE L\u2019INSECURITE DANS LES GRANDS LACS  \u00a0: L\u2019appel de Kagam\u00e9 sera-t-il entendu\u00a0?"},"content":{"rendered":"<div>\n<p><img decoding=\"async\" width=\"299\" height=\"168\" src=\"https:\/\/linitiative.ca\/International\/wp-content\/uploads\/sites\/23\/2022\/04\/BRAZZA-1.jpg\" class=\"attachment- size- wp-post-image\" alt=\"\" loading=\"lazy\" style=\"float:left; margin:0 15px 15px 0;\" srcset=\"https:\/\/linitiative.ca\/International\/wp-content\/uploads\/sites\/23\/2022\/04\/BRAZZA-1.jpg 299w, https:\/\/lepays.bf\/wp-content\/uploads\/2022\/04\/BRAZZA-1-150x84.jpg 150w\" sizes=\"auto, (max-width: 299px) 100vw, 299px\">En s\u00e9jour depuis le 11 avril dernier dans la capitale congolaise, Brazzaville, le chef de l\u2019Etat rwandais, Paul Kagam\u00e9, a, dans une adresse au Parlement, appel\u00e9 \u00e0 une \u00ab\u00a0collaboration constante\u00a0\u00bb au niveau r\u00e9gional pour lutter contre l\u2019ins\u00e9curit\u00e9 dans la r\u00e9gion des Grands Lacs. \u00ab Il [\u2026]<\/p>\n<p>L\u2019article <a rel=\"nofollow\" href=\"https:\/\/lepays.bf\/lutte-contre-linsecurite-dans-les-grands-lacs-lappel-de-kagame-sera-t-il-entendu-2\/\">LUTTE CONTRE L\u2019INSECURITE DANS LES GRANDS LACS  \u00a0: L\u2019appel de Kagam\u00e9 sera-t-il entendu\u00a0?<\/a> est apparu en premier sur <a rel=\"nofollow\" href=\"https:\/\/lepays.bf\/\">Editions Le Pays<\/a>.<\/p>\n<\/div>\n<p>Auteur: Editions LEPAYS<br \/>\n<a href=\"https:\/\/lepays.bf\/lutte-contre-linsecurite-dans-les-grands-lacs-lappel-de-kagame-sera-t-il-entendu-2\/\">Cliquez ici pour lire l&rsquo;article depuis sa source.<\/a><\/p>\n","protected":false},"excerpt":{"rendered":"<p>En s\u00e9jour depuis le 11 avril dernier dans la capitale congolaise, Brazzaville, le chef de l\u2019Etat rwandais, Paul Kagam\u00e9, a, dans une adresse au Parlement, appel\u00e9 \u00e0 une \u00ab\u00a0collaboration constante\u00a0\u00bb au niveau r\u00e9gional pour lutter contre l\u2019ins\u00e9curit\u00e9 dans la r\u00e9gion des Grands Lacs. \u00ab Il [\u2026] L\u2019article LUTTE CONTRE L\u2019INSECURITE DANS LES GRANDS LACS \u00a0: [&hellip;]<\/p>\n","protected":false},"author":1813,"featured_media":0,"comment_status":"closed","ping_status":"closed","sticky":false,"template":"","format":"standard","meta":{"fifu_image_url":"https:\/\/lepays.bf\/wp-content\/uploads\/2022\/04\/BRAZZA-1.jpg","fifu_image_alt":"LUTTE CONTRE L\u2019INSECURITE DANS LES GRANDS LACS  \u00a0: L\u2019appel de Kagam\u00e9 sera-t-il entendu\u00a0?","footnotes":""},"categories":[73,81],"tags":[],"class_list":["post-145422","post","type-post","status-publish","format-standard","hentry","category-actualite","category-burkina-faso"],"_links":{"self":[{"href":"https:\/\/linitiative.ca\/International\/wp-json\/wp\/v2\/posts\/145422","targetHints":{"allow":["GET"]}}],"collection":[{"href":"https:\/\/linitiative.ca\/International\/wp-json\/wp\/v2\/posts"}],"about":[{"href":"https:\/\/linitiative.ca\/International\/wp-json\/wp\/v2\/types\/post"}],"author":[{"embeddable":true,"href":"https:\/\/linitiative.ca\/International\/wp-json\/wp\/v2\/users\/1813"}],"replies":[{"embeddable":true,"href":"https:\/\/linitiative.ca\/International\/wp-json\/wp\/v2\/comments?post=145422"}],"version-history":[{"count":0,"href":"https:\/\/linitiative.ca\/International\/wp-json\/wp\/v2\/posts\/145422\/revisions"}],"wp:attachment":[{"href":"https:\/\/linitiative.ca\/International\/wp-json\/wp\/v2\/media?parent=145422"}],"wp:term":[{"taxonomy":"category","embeddable":true,"href":"https:\/\/linitiative.ca\/International\/wp-json\/wp\/v2\/categories?post=145422"},{"taxonomy":"post_tag","embeddable":true,"href":"https:\/\/linitiative.ca\/International\/wp-json\/wp\/v2\/tags?post=145422"}],"curies":[{"name":"wp","href":"https:\/\/api.w.org\/{rel}","templated":true}]}}