{"id":145424,"date":"2022-04-13T15:41:14","date_gmt":"2022-04-13T19:41:14","guid":{"rendered":"https:\/\/linitiative.ca\/International\/lutte-contre-le-terrorisme-au-mali-berlin-va-t-elle-emboiter-le-pas-a-paris\/"},"modified":"2022-04-13T15:41:14","modified_gmt":"2022-04-13T19:41:14","slug":"lutte-contre-le-terrorisme-au-mali-berlin-va-t-elle-emboiter-le-pas-a-paris","status":"publish","type":"post","link":"https:\/\/linitiative.ca\/International\/lutte-contre-le-terrorisme-au-mali-berlin-va-t-elle-emboiter-le-pas-a-paris\/","title":{"rendered":"LUTTE CONTRE LE  TERRORISME AU MALI : Berlin va-t-elle emboiter le pas \u00e0 Paris\u00a0?"},"content":{"rendered":"<div>\n<p><img loading=\"lazy\" decoding=\"async\" width=\"768\" height=\"274\" src=\"https:\/\/linitiative.ca\/International\/wp-content\/uploads\/sites\/23\/2022\/04\/terroristes.jpeg\" class=\"attachment- size- wp-post-image\" alt=\"\" style=\"float:left; margin:0 15px 15px 0;\" srcset=\"https:\/\/linitiative.ca\/International\/wp-content\/uploads\/sites\/23\/2022\/04\/terroristes.jpeg 768w, https:\/\/lepays.bf\/wp-content\/uploads\/2022\/04\/terroristes-300x107.jpeg 300w, https:\/\/lepays.bf\/wp-content\/uploads\/2022\/04\/terroristes-150x54.jpeg 150w\" sizes=\"auto, (max-width: 768px) 100vw, 768px\">En l\u2019espace de quelques jours, les autorit\u00e9s maliennes de la transition ont re\u00e7u, successivement deux membres du Bundesregierung (gouvernement allemand). En effet, \u00e0 la suite de Christine Lambrecht, ministre de la D\u00e9fense allemande, c\u2019est au tour de sa coll\u00e8gue des Affaires \u00e9trang\u00e8res, Annalena Baerbock, de [\u2026]<\/p>\n<p>L\u2019article <a rel=\"nofollow\" href=\"https:\/\/lepays.bf\/lutte-contre-le-terrorisme-au-mali-berlin-va-t-elle-emboiter-le-pas-a-paris\/\">LUTTE CONTRE LE  TERRORISME AU MALI : Berlin va-t-elle emboiter le pas \u00e0 Paris\u00a0?<\/a> est apparu en premier sur <a rel=\"nofollow\" href=\"https:\/\/lepays.bf\/\">Editions Le Pays<\/a>.<\/p>\n<\/div>\n<p>Auteur: Editions LEPAYS<br \/>\n<a href=\"https:\/\/lepays.bf\/lutte-contre-le-terrorisme-au-mali-berlin-va-t-elle-emboiter-le-pas-a-paris\/\">Cliquez ici pour lire l&rsquo;article depuis sa source.<\/a><\/p>\n","protected":false},"excerpt":{"rendered":"<p>En l\u2019espace de quelques jours, les autorit\u00e9s maliennes de la transition ont re\u00e7u, successivement deux membres du Bundesregierung (gouvernement allemand). En effet, \u00e0 la suite de Christine Lambrecht, ministre de la D\u00e9fense allemande, c\u2019est au tour de sa coll\u00e8gue des Affaires \u00e9trang\u00e8res, Annalena Baerbock, de [\u2026] L\u2019article LUTTE CONTRE LE TERRORISME AU MALI : Berlin [&hellip;]<\/p>\n","protected":false},"author":1813,"featured_media":0,"comment_status":"closed","ping_status":"closed","sticky":false,"template":"","format":"standard","meta":{"fifu_image_url":"https:\/\/lepays.bf\/wp-content\/uploads\/2022\/04\/terroristes.jpeg","fifu_image_alt":"LUTTE CONTRE LE  TERRORISME AU MALI : Berlin va-t-elle emboiter le pas \u00e0 Paris\u00a0?","footnotes":""},"categories":[73,81],"tags":[],"class_list":["post-145424","post","type-post","status-publish","format-standard","hentry","category-actualite","category-burkina-faso"],"_links":{"self":[{"href":"https:\/\/linitiative.ca\/International\/wp-json\/wp\/v2\/posts\/145424","targetHints":{"allow":["GET"]}}],"collection":[{"href":"https:\/\/linitiative.ca\/International\/wp-json\/wp\/v2\/posts"}],"about":[{"href":"https:\/\/linitiative.ca\/International\/wp-json\/wp\/v2\/types\/post"}],"author":[{"embeddable":true,"href":"https:\/\/linitiative.ca\/International\/wp-json\/wp\/v2\/users\/1813"}],"replies":[{"embeddable":true,"href":"https:\/\/linitiative.ca\/International\/wp-json\/wp\/v2\/comments?post=145424"}],"version-history":[{"count":0,"href":"https:\/\/linitiative.ca\/International\/wp-json\/wp\/v2\/posts\/145424\/revisions"}],"wp:attachment":[{"href":"https:\/\/linitiative.ca\/International\/wp-json\/wp\/v2\/media?parent=145424"}],"wp:term":[{"taxonomy":"category","embeddable":true,"href":"https:\/\/linitiative.ca\/International\/wp-json\/wp\/v2\/categories?post=145424"},{"taxonomy":"post_tag","embeddable":true,"href":"https:\/\/linitiative.ca\/International\/wp-json\/wp\/v2\/tags?post=145424"}],"curies":[{"name":"wp","href":"https:\/\/api.w.org\/{rel}","templated":true}]}}