{"id":145426,"date":"2022-04-13T05:07:55","date_gmt":"2022-04-13T09:07:55","guid":{"rendered":"https:\/\/linitiative.ca\/International\/crise-humanitaire-larabie-saoudite-promet-de-laide-au-burkina\/"},"modified":"2022-04-13T05:07:55","modified_gmt":"2022-04-13T09:07:55","slug":"crise-humanitaire-larabie-saoudite-promet-de-laide-au-burkina","status":"publish","type":"post","link":"https:\/\/linitiative.ca\/International\/crise-humanitaire-larabie-saoudite-promet-de-laide-au-burkina\/","title":{"rendered":"Crise humanitaire: L\u2019Arabie saoudite promet de l\u2019aide au Burkina"},"content":{"rendered":"<div>\n<p><strong>L\u2019ambassadeur du royaume d\u2019Arabie saoudite au Burkina, Fahad Aldosari, a rendu une visite de courtoisie \u00e0 la ministre du genre et de la famille, Salimata Nebi\u00e9, le mardi 12 avril 2022, \u00e0 Ouagadougou.<\/strong><\/p>\n<p>Le royaume d\u2019Arabie saoudite entend \u00eatre solidaire du Burkina Faso dans la gestion de la crise humanitaire qu\u2019il traverse avec les personnes d\u00e9plac\u00e9es internes (PDI). C\u2019est la confidence faite par l\u2019ambassadeur saoudien au Burkina, Fahad Aldosari, \u00e0 l\u2019issue d\u2019une audience avec la ministre du genre et de la famille, Salimata Nebi\u00e9, le mardi 12 avril 2022, \u00e0 Ouagadougou. \u00ab\u00a0Nous avons abord\u00e9 tous les sujets importants inh\u00e9rents au renforcement des relations entre nos deux pays fr\u00e8res. En Arabie saoudite comme au Burkina, les questions de genre et de famille sont tr\u00e8s importantes. Nous allons faire de notre mieux pour renforcer notre coop\u00e9ration dans ces domaines. Il y a des similarit\u00e9s qui nous unissent. Plus de 75% de la population saoudienne est jeune comme c\u2019est le cas du Burkina\u00a0\u00bb, a d\u00e9clar\u00e9 le diplomate saoudien. Selon lui, l\u2019Arabie saoudite et le Burkina peuvent partager leurs exp\u00e9riences respectives dans bien de domaines. Fahad Aldosari a indiqu\u00e9 qu\u2019il mettra tout en \u0153uvre pour raffermir les relations bilat\u00e9rales dans l\u2019int\u00e9r\u00eat de tous. L\u2019ambassadeur a dit \u00eatre conscient des d\u00e9fis s\u00e9curitaires et humanitaires qu\u2019affronte le pays des Hommes int\u00e8gres. Sur le volet s\u00e9curitaire, Fahad Aldosari a laiss\u00e9 entendre que son pays a apport\u00e9 une aide de 100 millions d\u2019euros dans le cadre du G5 Sahel. \u00ab\u00a0Dans le domaine humanitaire, nous avons fait don de produits m\u00e9dicaux en juillet 2021 d\u2019une valeur d\u2019un million de dollars pour lutter contre la Cobid-19. Nous allons travailler dans le sens de fournir un appui \u00e0 l\u2019endroit des personnes d\u00e9plac\u00e9es internes\u00a0\u00bb, a promis le diplomate. La ministre du genre et de la famille, Salimata Nebi\u00e9, s\u2019est r\u00e9jouie de la visite de l\u2019ambassadeur qui a \u00e9t\u00e9 une occasion de revisiter la coop\u00e9ration bilat\u00e9rale. \u00ab\u00a0Pour ce qui concerne sp\u00e9cifiquement notre minist\u00e8re, il nous a inform\u00e9e qu\u2019il y a une dynamique de r\u00e9formes qui sont en cours dans son pays et qui mettent au centre la famille, les droits des femmes et des enfants. Ce sont des r\u00e9formes qui rencontrent les priorit\u00e9s de notre d\u00e9partement. Je me suis engag\u00e9e \u00e0 voir dans quelle mesure nous pourrons dynamiser certains aspects de notre partenariat\u00a0\u00bb, a soulign\u00e9 la ministre.<\/p>\n<figure id=\"attachment_48052\" aria-describedby=\"caption-attachment-48052\" style=\"width: 821px\" class=\"wp-caption alignnone\"><img loading=\"lazy\" decoding=\"async\" class=\"wp-image-48052 size-full\" src=\"https:\/\/linitiative.ca\/International\/wp-content\/uploads\/sites\/23\/2022\/04\/1-2.jpeg\" alt=\"\" width=\"821\" height=\"645\" srcset=\"https:\/\/linitiative.ca\/International\/wp-content\/uploads\/sites\/23\/2022\/04\/1-2.jpeg 821w, https:\/\/www.sidwaya.info\/wp-content\/uploads\/2022\/04\/1-2-300x236.jpeg 300w, https:\/\/www.sidwaya.info\/wp-content\/uploads\/2022\/04\/1-2-768x603.jpeg 768w, https:\/\/www.sidwaya.info\/wp-content\/uploads\/2022\/04\/1-2-150x118.jpeg 150w, https:\/\/www.sidwaya.info\/wp-content\/uploads\/2022\/04\/1-2-696x547.jpeg 696w, https:\/\/www.sidwaya.info\/wp-content\/uploads\/2022\/04\/1-2-535x420.jpeg 535w\" sizes=\"auto, (max-width: 821px) 100vw, 821px\"><figcaption id=\"caption-attachment-48052\" class=\"wp-caption-text\">L\u2019ambassadeur saoudien, Fahad Aldosari, a annonce \u00e0 la ministre du genre et de la famille, Salimata Nebi\u00e9, que son pays va apporter un soutien aux personnes d\u00e9plac\u00e9es internes<\/figcaption><\/figure>\n<p>Bien avant, la semaine derni\u00e8re, l\u2019ambassadeur s\u2019\u00e9tait entretenu avec le ministre des affaires religieuses et coutumi\u00e8res, Issaka Sourwema. Le renforcement de la coop\u00e9ration bilat\u00e9rale entre l\u2019Arabie saoudite et le Burkina a \u00e9galement \u00e9t\u00e9 au c\u0153ur des \u00e9changes. \u00ab\u00a0Nous avons \u00e9voqu\u00e9 des sujets importants qui concernent nos deux pays en vue de renforcer nos relations. Nous avons ainsi parl\u00e9 de religion, de sant\u00e9, d\u2019\u00e9ducation, de culture \u00bb, a laiss\u00e9 entendre Fahad Aldosari. A propos de l\u2019organisation du Hadj 2022 \u00e0 La Mecque, le diplomate a inform\u00e9 qu\u2019un million de p\u00e8lerins sont attendus dont 85% de l\u2019ext\u00e9rieur et 15% de Saoudiens. Selon lui, l\u2019ambassade n\u2019attend que les instructions des autorit\u00e9s saoudiennes pour prendre les dispositions n\u00e9cessaires afin de permettre aux Burkinab\u00e8 d\u2019effectuer le p\u00e8lerinage \u00e0 la Mecque.<\/p>\n<p><strong>\u00a0Karim BADOLO<\/strong><\/p>\n<p>L\u2019article <a rel=\"nofollow\" href=\"https:\/\/www.sidwaya.info\/blog\/2022\/04\/13\/crise-humanitaire-larabie-saoudite-promet-de-laide-au-burkina\/\">Crise humanitaire: L\u2019Arabie saoudite promet de l\u2019aide au Burkina<\/a> est apparu en premier sur <a rel=\"nofollow\" href=\"https:\/\/www.sidwaya.info\/\">Quotidien Sidwaya<\/a>.<\/p>\n<\/div>\n<p>Auteur: BS. Sidwaya<br \/>\n<a href=\"https:\/\/www.sidwaya.info\/blog\/2022\/04\/13\/crise-humanitaire-larabie-saoudite-promet-de-laide-au-burkina\/?utm_source=rss&#038;utm_medium=rss&#038;utm_campaign=crise-humanitaire-larabie-saoudite-promet-de-laide-au-burkina\">Cliquez ici pour lire l&rsquo;article depuis sa source.<\/a><\/p>\n","protected":false},"excerpt":{"rendered":"<p>L\u2019ambassadeur du royaume d\u2019Arabie saoudite au Burkina, Fahad Aldosari, a rendu une visite de courtoisie \u00e0 la ministre du genre et de la famille, Salimata Nebi\u00e9, le mardi 12 avril 2022, \u00e0 Ouagadougou. Le royaume d\u2019Arabie saoudite entend \u00eatre solidaire du Burkina Faso dans la gestion de la crise humanitaire qu\u2019il traverse avec les personnes [&hellip;]<\/p>\n","protected":false},"author":1816,"featured_media":0,"comment_status":"closed","ping_status":"closed","sticky":false,"template":"","format":"standard","meta":{"fifu_image_url":"https:\/\/www.sidwaya.info\/wp-content\/uploads\/2022\/04\/1-2.jpeg","fifu_image_alt":"Crise humanitaire: L\u2019Arabie saoudite promet de l\u2019aide au Burkina","footnotes":""},"categories":[73,81],"tags":[],"class_list":["post-145426","post","type-post","status-publish","format-standard","hentry","category-actualite","category-burkina-faso"],"_links":{"self":[{"href":"https:\/\/linitiative.ca\/International\/wp-json\/wp\/v2\/posts\/145426","targetHints":{"allow":["GET"]}}],"collection":[{"href":"https:\/\/linitiative.ca\/International\/wp-json\/wp\/v2\/posts"}],"about":[{"href":"https:\/\/linitiative.ca\/International\/wp-json\/wp\/v2\/types\/post"}],"author":[{"embeddable":true,"href":"https:\/\/linitiative.ca\/International\/wp-json\/wp\/v2\/users\/1816"}],"replies":[{"embeddable":true,"href":"https:\/\/linitiative.ca\/International\/wp-json\/wp\/v2\/comments?post=145426"}],"version-history":[{"count":0,"href":"https:\/\/linitiative.ca\/International\/wp-json\/wp\/v2\/posts\/145426\/revisions"}],"wp:attachment":[{"href":"https:\/\/linitiative.ca\/International\/wp-json\/wp\/v2\/media?parent=145426"}],"wp:term":[{"taxonomy":"category","embeddable":true,"href":"https:\/\/linitiative.ca\/International\/wp-json\/wp\/v2\/categories?post=145426"},{"taxonomy":"post_tag","embeddable":true,"href":"https:\/\/linitiative.ca\/International\/wp-json\/wp\/v2\/tags?post=145426"}],"curies":[{"name":"wp","href":"https:\/\/api.w.org\/{rel}","templated":true}]}}