{"id":145428,"date":"2022-04-13T06:18:35","date_gmt":"2022-04-13T10:18:35","guid":{"rendered":"https:\/\/linitiative.ca\/International\/proces-thomas-sankara-le-jugement-des-interets-civils-renvoye-au-25-avril\/"},"modified":"2022-04-13T06:18:35","modified_gmt":"2022-04-13T10:18:35","slug":"proces-thomas-sankara-le-jugement-des-interets-civils-renvoye-au-25-avril","status":"publish","type":"post","link":"https:\/\/linitiative.ca\/International\/proces-thomas-sankara-le-jugement-des-interets-civils-renvoye-au-25-avril\/","title":{"rendered":"Proc\u00e8s Thomas Sankara\u00a0: Le jugement des int\u00e9r\u00eats civils renvoy\u00e9 au 25 avril"},"content":{"rendered":"<div>\n<p>Les discussions ont repris ce mercredi 13 avril 2022 au Tribunal militaire de Ouagadougou autour des r\u00e9parations civiles, dans le cadre du proc\u00e8s sur l\u2019assassinat du capitaine Thomas Sankara et ses 12 compagnons.<\/p>\n<p>A l\u2019entame des discussions toutes les parties reconnaissent n\u2019avoir pas re\u00e7u les documents \u00e0 temps, elles demandent un renvoi. Les avocats de la d\u00e9fense ont demand\u00e9 3 semaines de renvoi, ceux des parties civiles 2 semaines et le parquet une semaine. Apr\u00e8s concertations, le tribunal a renvoy\u00e9 le dossier au 25 avril 2022.<\/p>\n<p>Aussi, Me Ollo Larousse Hien a demand\u00e9 une libert\u00e9 provisoire pour son client Tond\u00e9 Nida Pascal condamn\u00e9 \u00e0 3 ans de prison ferme pour subornation de t\u00e9moins.<\/p>\n<p>\u00a0<\/p>\n<p style=\"text-align: right\"><strong>La R\u00e9daction<\/strong><\/p>\n<p>L\u2019article <a rel=\"nofollow\" href=\"https:\/\/www.sidwaya.info\/blog\/2022\/04\/13\/proces-thomas-sankara-le-jugement-des-interets-civils-renvoye-au-25-avril\/\">Proc\u00e8s Thomas Sankara\u00a0: Le jugement des int\u00e9r\u00eats civils renvoy\u00e9 au 25 avril<\/a> est apparu en premier sur <a rel=\"nofollow\" href=\"https:\/\/www.sidwaya.info\/\">Quotidien Sidwaya<\/a>.<\/p>\n<\/div>\n<p>Auteur: Wamini SIDWAYA<br \/>\n<a href=\"https:\/\/www.sidwaya.info\/blog\/2022\/04\/13\/proces-thomas-sankara-le-jugement-des-interets-civils-renvoye-au-25-avril\/?utm_source=rss&#038;utm_medium=rss&#038;utm_campaign=proces-thomas-sankara-le-jugement-des-interets-civils-renvoye-au-25-avril\">Cliquez ici pour lire l&rsquo;article depuis sa source.<\/a><\/p>\n","protected":false},"excerpt":{"rendered":"<p>Les discussions ont repris ce mercredi 13 avril 2022 au Tribunal militaire de Ouagadougou autour des r\u00e9parations civiles, dans le cadre du proc\u00e8s sur l\u2019assassinat du capitaine Thomas Sankara et ses 12 compagnons. A l\u2019entame des discussions toutes les parties reconnaissent n\u2019avoir pas re\u00e7u les documents \u00e0 temps, elles demandent un renvoi. Les avocats de [&hellip;]<\/p>\n","protected":false},"author":1816,"featured_media":0,"comment_status":"closed","ping_status":"closed","sticky":false,"template":"","format":"standard","meta":{"fifu_image_url":"","fifu_image_alt":"","footnotes":""},"categories":[73,81],"tags":[],"class_list":["post-145428","post","type-post","status-publish","format-standard","hentry","category-actualite","category-burkina-faso"],"_links":{"self":[{"href":"https:\/\/linitiative.ca\/International\/wp-json\/wp\/v2\/posts\/145428","targetHints":{"allow":["GET"]}}],"collection":[{"href":"https:\/\/linitiative.ca\/International\/wp-json\/wp\/v2\/posts"}],"about":[{"href":"https:\/\/linitiative.ca\/International\/wp-json\/wp\/v2\/types\/post"}],"author":[{"embeddable":true,"href":"https:\/\/linitiative.ca\/International\/wp-json\/wp\/v2\/users\/1816"}],"replies":[{"embeddable":true,"href":"https:\/\/linitiative.ca\/International\/wp-json\/wp\/v2\/comments?post=145428"}],"version-history":[{"count":0,"href":"https:\/\/linitiative.ca\/International\/wp-json\/wp\/v2\/posts\/145428\/revisions"}],"wp:attachment":[{"href":"https:\/\/linitiative.ca\/International\/wp-json\/wp\/v2\/media?parent=145428"}],"wp:term":[{"taxonomy":"category","embeddable":true,"href":"https:\/\/linitiative.ca\/International\/wp-json\/wp\/v2\/categories?post=145428"},{"taxonomy":"post_tag","embeddable":true,"href":"https:\/\/linitiative.ca\/International\/wp-json\/wp\/v2\/tags?post=145428"}],"curies":[{"name":"wp","href":"https:\/\/api.w.org\/{rel}","templated":true}]}}