{"id":145429,"date":"2022-04-13T09:43:39","date_gmt":"2022-04-13T13:43:39","guid":{"rendered":"https:\/\/linitiative.ca\/International\/cote-divoire-le-premier-ministre-patrick-achi-et-son-gouvernement-demissionnent\/"},"modified":"2022-04-13T09:43:39","modified_gmt":"2022-04-13T13:43:39","slug":"cote-divoire-le-premier-ministre-patrick-achi-et-son-gouvernement-demissionnent","status":"publish","type":"post","link":"https:\/\/linitiative.ca\/International\/cote-divoire-le-premier-ministre-patrick-achi-et-son-gouvernement-demissionnent\/","title":{"rendered":"C\u00f4te d\u2019Ivoire: Le Premier ministre Patrick Achi et son gouvernement d\u00e9missionnent"},"content":{"rendered":"<div>\n<p>Depuis plusieurs mois, des rumeurs dans la capitale ivoirienne, Abidjan, annon\u00e7aient un remaniement minist\u00e9riel. Selon nos confr\u00e8res de Fratmat, le Premier ministre Patrick Achi a pr\u00e9sent\u00e9, ce mercredi 13 avril 2022, sa d\u00e9mission et celle de son gouvernement. Ce qui permettra au \u00a0pr\u00e9sident ivoirien Alassane Ouattara de former \u00a0une nouvelle \u00a0\u00e9quipe pour faire face \u00e0 la conjecture \u00e9conomique actuelle de la C\u00f4te d\u2019Ivoire, aggrav\u00e9e par la guerre entre la Russie et l\u2019Ukraine. Un nouveau Premier ministre sera bient\u00f4t nomm\u00e9 pour mettre en place ce nouveau gouvernement.<\/p>\n<p><strong>AK<\/strong><\/p>\n<p>\u00a0<\/p>\n<p>L\u2019article <a rel=\"nofollow\" href=\"https:\/\/www.sidwaya.info\/blog\/2022\/04\/13\/cote-divoire-le-premier-ministre-patrick-achi-et-son-gouvernement-demissionnent\/\">C\u00f4te d\u2019Ivoire: Le Premier ministre Patrick Achi et son gouvernement d\u00e9missionnent<\/a> est apparu en premier sur <a rel=\"nofollow\" href=\"https:\/\/www.sidwaya.info\/\">Quotidien Sidwaya<\/a>.<\/p>\n<\/div>\n<p>Auteur: BS. Sidwaya<br \/>\n<a href=\"https:\/\/www.sidwaya.info\/blog\/2022\/04\/13\/cote-divoire-le-premier-ministre-patrick-achi-et-son-gouvernement-demissionnent\/?utm_source=rss&#038;utm_medium=rss&#038;utm_campaign=cote-divoire-le-premier-ministre-patrick-achi-et-son-gouvernement-demissionnent\">Cliquez ici pour lire l&rsquo;article depuis sa source.<\/a><\/p>\n","protected":false},"excerpt":{"rendered":"<p>Depuis plusieurs mois, des rumeurs dans la capitale ivoirienne, Abidjan, annon\u00e7aient un remaniement minist\u00e9riel. Selon nos confr\u00e8res de Fratmat, le Premier ministre Patrick Achi a pr\u00e9sent\u00e9, ce mercredi 13 avril 2022, sa d\u00e9mission et celle de son gouvernement. Ce qui permettra au \u00a0pr\u00e9sident ivoirien Alassane Ouattara de former \u00a0une nouvelle \u00a0\u00e9quipe pour faire face \u00e0 [&hellip;]<\/p>\n","protected":false},"author":1816,"featured_media":0,"comment_status":"closed","ping_status":"closed","sticky":false,"template":"","format":"standard","meta":{"fifu_image_url":"","fifu_image_alt":"","footnotes":""},"categories":[73,81],"tags":[],"class_list":["post-145429","post","type-post","status-publish","format-standard","hentry","category-actualite","category-burkina-faso"],"_links":{"self":[{"href":"https:\/\/linitiative.ca\/International\/wp-json\/wp\/v2\/posts\/145429","targetHints":{"allow":["GET"]}}],"collection":[{"href":"https:\/\/linitiative.ca\/International\/wp-json\/wp\/v2\/posts"}],"about":[{"href":"https:\/\/linitiative.ca\/International\/wp-json\/wp\/v2\/types\/post"}],"author":[{"embeddable":true,"href":"https:\/\/linitiative.ca\/International\/wp-json\/wp\/v2\/users\/1816"}],"replies":[{"embeddable":true,"href":"https:\/\/linitiative.ca\/International\/wp-json\/wp\/v2\/comments?post=145429"}],"version-history":[{"count":0,"href":"https:\/\/linitiative.ca\/International\/wp-json\/wp\/v2\/posts\/145429\/revisions"}],"wp:attachment":[{"href":"https:\/\/linitiative.ca\/International\/wp-json\/wp\/v2\/media?parent=145429"}],"wp:term":[{"taxonomy":"category","embeddable":true,"href":"https:\/\/linitiative.ca\/International\/wp-json\/wp\/v2\/categories?post=145429"},{"taxonomy":"post_tag","embeddable":true,"href":"https:\/\/linitiative.ca\/International\/wp-json\/wp\/v2\/tags?post=145429"}],"curies":[{"name":"wp","href":"https:\/\/api.w.org\/{rel}","templated":true}]}}