{"id":145430,"date":"2022-04-13T12:01:34","date_gmt":"2022-04-13T16:01:34","guid":{"rendered":"https:\/\/linitiative.ca\/International\/burkina-la-gestion-de-laeroport-de-donsin-transferee-au-ministere-des-transports-conseil-des-ministres\/"},"modified":"2022-04-13T12:01:34","modified_gmt":"2022-04-13T16:01:34","slug":"burkina-la-gestion-de-laeroport-de-donsin-transferee-au-ministere-des-transports-conseil-des-ministres","status":"publish","type":"post","link":"https:\/\/linitiative.ca\/International\/burkina-la-gestion-de-laeroport-de-donsin-transferee-au-ministere-des-transports-conseil-des-ministres\/","title":{"rendered":"Burkina\u00a0: La gestion de l\u2019A\u00e9roport de Donsin transf\u00e9r\u00e9e au minist\u00e8re des Transports (Conseil des Ministres)"},"content":{"rendered":"<div>\n<p>Le Gouvernement a au cours du Conseil des ministres de ce mercredi 13 avril 2022, d\u00e9cid\u00e9 de transf\u00e9rer la maitrise d\u2019ouvrage de l\u2019A\u00e9roport de Donsin au Minist\u00e8re en charge des Transports. Selon son nouveau ministre de tutelle, Mahamoudou Zampaligr\u00e9, ce transfert est une mani\u00e8re pour le gouvernement de rendre justice \u00e0 ce minist\u00e8re qui dispose des techniciens.<\/p>\n<p>L\u2019article <a rel=\"nofollow\" href=\"https:\/\/www.sidwaya.info\/blog\/2022\/04\/13\/burkina-la-gestion-de-laeroport-de-donsin-transferee-au-ministere-des-transports-conseil-des-ministres\/\">Burkina\u00a0: La gestion de l\u2019A\u00e9roport de Donsin transf\u00e9r\u00e9e au minist\u00e8re des Transports (Conseil des Ministres)<\/a> est apparu en premier sur <a rel=\"nofollow\" href=\"https:\/\/www.sidwaya.info\/\">Quotidien Sidwaya<\/a>.<\/p>\n<\/div>\n<p>Auteur: Wamini SIDWAYA<br \/>\n<a href=\"https:\/\/www.sidwaya.info\/blog\/2022\/04\/13\/burkina-la-gestion-de-laeroport-de-donsin-transferee-au-ministere-des-transports-conseil-des-ministres\/?utm_source=rss&#038;utm_medium=rss&#038;utm_campaign=burkina-la-gestion-de-laeroport-de-donsin-transferee-au-ministere-des-transports-conseil-des-ministres\">Cliquez ici pour lire l&rsquo;article depuis sa source.<\/a><\/p>\n","protected":false},"excerpt":{"rendered":"<p>Le Gouvernement a au cours du Conseil des ministres de ce mercredi 13 avril 2022, d\u00e9cid\u00e9 de transf\u00e9rer la maitrise d\u2019ouvrage de l\u2019A\u00e9roport de Donsin au Minist\u00e8re en charge des Transports. Selon son nouveau ministre de tutelle, Mahamoudou Zampaligr\u00e9, ce transfert est une mani\u00e8re pour le gouvernement de rendre justice \u00e0 ce minist\u00e8re qui dispose [&hellip;]<\/p>\n","protected":false},"author":1816,"featured_media":0,"comment_status":"closed","ping_status":"closed","sticky":false,"template":"","format":"standard","meta":{"fifu_image_url":"","fifu_image_alt":"","footnotes":""},"categories":[73,81],"tags":[],"class_list":["post-145430","post","type-post","status-publish","format-standard","hentry","category-actualite","category-burkina-faso"],"_links":{"self":[{"href":"https:\/\/linitiative.ca\/International\/wp-json\/wp\/v2\/posts\/145430","targetHints":{"allow":["GET"]}}],"collection":[{"href":"https:\/\/linitiative.ca\/International\/wp-json\/wp\/v2\/posts"}],"about":[{"href":"https:\/\/linitiative.ca\/International\/wp-json\/wp\/v2\/types\/post"}],"author":[{"embeddable":true,"href":"https:\/\/linitiative.ca\/International\/wp-json\/wp\/v2\/users\/1816"}],"replies":[{"embeddable":true,"href":"https:\/\/linitiative.ca\/International\/wp-json\/wp\/v2\/comments?post=145430"}],"version-history":[{"count":0,"href":"https:\/\/linitiative.ca\/International\/wp-json\/wp\/v2\/posts\/145430\/revisions"}],"wp:attachment":[{"href":"https:\/\/linitiative.ca\/International\/wp-json\/wp\/v2\/media?parent=145430"}],"wp:term":[{"taxonomy":"category","embeddable":true,"href":"https:\/\/linitiative.ca\/International\/wp-json\/wp\/v2\/categories?post=145430"},{"taxonomy":"post_tag","embeddable":true,"href":"https:\/\/linitiative.ca\/International\/wp-json\/wp\/v2\/tags?post=145430"}],"curies":[{"name":"wp","href":"https:\/\/api.w.org\/{rel}","templated":true}]}}