{"id":145431,"date":"2022-04-13T13:19:24","date_gmt":"2022-04-13T17:19:24","guid":{"rendered":"https:\/\/linitiative.ca\/International\/lutte-contre-le-terrorisme-la-mise-en-place-de-comites-constitues-de-leaders-locaux-autorisee\/"},"modified":"2022-04-13T13:19:24","modified_gmt":"2022-04-13T17:19:24","slug":"lutte-contre-le-terrorisme-la-mise-en-place-de-comites-constitues-de-leaders-locaux-autorisee","status":"publish","type":"post","link":"https:\/\/linitiative.ca\/International\/lutte-contre-le-terrorisme-la-mise-en-place-de-comites-constitues-de-leaders-locaux-autorisee\/","title":{"rendered":"Lutte contre le terrorisme\u00a0: La mise en place de comit\u00e9s constitu\u00e9s de leaders locaux autoris\u00e9e"},"content":{"rendered":"<div>\n<p>Le gouvernement a pris un d\u00e9cret autorisant la mise en place de comit\u00e9s constitu\u00e9s de leaders locaux pour un dialogue avec les fils du Burkina qui ont pris les armes afin de ramener la paix dans le pays.<\/p>\n<p>Ce n\u2019est pas l\u2019Etat qui n\u00e9gocie, ce sont les acteurs locaux qui vont dialoguer avec leurs fr\u00e8res, a indiqu\u00e9 le ministre d\u2019Etat en charge de la Coh\u00e9sion sociale et de la R\u00e9conciliation nationale, Y\u00e9ro Boly.<\/p>\n<p>\u00ab\u00a0Nous allons accompagner ce processus pour faire en sorte que les jeunes burkinab\u00e8 qui ont pris des armes ou qui sont dans des situations de conflit avec la nation puissent \u00eatre r\u00e9ins\u00e9r\u00e9s dans le tissu social\u00a0\u00bb, a-t-il dit.<\/p>\n<p>\u00a0<\/p>\n<p style=\"text-align: right\"><strong>La R\u00e9daction<\/strong><\/p>\n<p>\u00a0<\/p>\n<p>L\u2019article <a rel=\"nofollow\" href=\"https:\/\/www.sidwaya.info\/blog\/2022\/04\/13\/lutte-contre-le-terrorisme-la-mise-en-place-de-comites-constitues-de-leaders-locaux-autorisee\/\">Lutte contre le terrorisme\u00a0: La mise en place de comit\u00e9s constitu\u00e9s de leaders locaux autoris\u00e9e<\/a> est apparu en premier sur <a rel=\"nofollow\" href=\"https:\/\/www.sidwaya.info\/\">Quotidien Sidwaya<\/a>.<\/p>\n<\/div>\n<p>Auteur: Wamini SIDWAYA<br \/>\n<a href=\"https:\/\/www.sidwaya.info\/blog\/2022\/04\/13\/lutte-contre-le-terrorisme-la-mise-en-place-de-comites-constitues-de-leaders-locaux-autorisee\/?utm_source=rss&#038;utm_medium=rss&#038;utm_campaign=lutte-contre-le-terrorisme-la-mise-en-place-de-comites-constitues-de-leaders-locaux-autorisee\">Cliquez ici pour lire l&rsquo;article depuis sa source.<\/a><\/p>\n","protected":false},"excerpt":{"rendered":"<p>Le gouvernement a pris un d\u00e9cret autorisant la mise en place de comit\u00e9s constitu\u00e9s de leaders locaux pour un dialogue avec les fils du Burkina qui ont pris les armes afin de ramener la paix dans le pays. Ce n\u2019est pas l\u2019Etat qui n\u00e9gocie, ce sont les acteurs locaux qui vont dialoguer avec leurs fr\u00e8res, [&hellip;]<\/p>\n","protected":false},"author":1816,"featured_media":0,"comment_status":"closed","ping_status":"closed","sticky":false,"template":"","format":"standard","meta":{"fifu_image_url":"","fifu_image_alt":"","footnotes":""},"categories":[73,81],"tags":[],"class_list":["post-145431","post","type-post","status-publish","format-standard","hentry","category-actualite","category-burkina-faso"],"_links":{"self":[{"href":"https:\/\/linitiative.ca\/International\/wp-json\/wp\/v2\/posts\/145431","targetHints":{"allow":["GET"]}}],"collection":[{"href":"https:\/\/linitiative.ca\/International\/wp-json\/wp\/v2\/posts"}],"about":[{"href":"https:\/\/linitiative.ca\/International\/wp-json\/wp\/v2\/types\/post"}],"author":[{"embeddable":true,"href":"https:\/\/linitiative.ca\/International\/wp-json\/wp\/v2\/users\/1816"}],"replies":[{"embeddable":true,"href":"https:\/\/linitiative.ca\/International\/wp-json\/wp\/v2\/comments?post=145431"}],"version-history":[{"count":0,"href":"https:\/\/linitiative.ca\/International\/wp-json\/wp\/v2\/posts\/145431\/revisions"}],"wp:attachment":[{"href":"https:\/\/linitiative.ca\/International\/wp-json\/wp\/v2\/media?parent=145431"}],"wp:term":[{"taxonomy":"category","embeddable":true,"href":"https:\/\/linitiative.ca\/International\/wp-json\/wp\/v2\/categories?post=145431"},{"taxonomy":"post_tag","embeddable":true,"href":"https:\/\/linitiative.ca\/International\/wp-json\/wp\/v2\/tags?post=145431"}],"curies":[{"name":"wp","href":"https:\/\/api.w.org\/{rel}","templated":true}]}}