{"id":145436,"date":"2022-04-13T12:33:44","date_gmt":"2022-04-13T16:33:44","guid":{"rendered":"https:\/\/linitiative.ca\/International\/kribi-cameroun-au-moins-30-eleves-traines-en-justice-pour-pornographie\/"},"modified":"2022-04-13T12:33:44","modified_gmt":"2022-04-13T16:33:44","slug":"kribi-cameroun-au-moins-30-eleves-traines-en-justice-pour-pornographie","status":"publish","type":"post","link":"https:\/\/linitiative.ca\/International\/kribi-cameroun-au-moins-30-eleves-traines-en-justice-pour-pornographie\/","title":{"rendered":"Kribi-Cameroun : au moins 30 \u00e9l\u00e8ves tra\u00een\u00e9s en justice pour pornographie"},"content":{"rendered":"<div>\n<p><img decoding=\"async\" width=\"1080\" height=\"809\" src=\"https:\/\/linitiative.ca\/International\/wp-content\/uploads\/sites\/23\/2022\/04\/Exclusion-de-14-eleves-au-Lycee-bilingue-de-Kribi.jpeg\" class=\"attachment-post-thumbnail size-post-thumbnail wp-post-image\" alt=\"Au Cameroun, 30 \u00e9l\u00e8ves poursuivis en justice pour pornographie\" loading=\"lazy\" srcset=\"https:\/\/linitiative.ca\/International\/wp-content\/uploads\/sites\/23\/2022\/04\/Exclusion-de-14-eleves-au-Lycee-bilingue-de-Kribi.jpeg 1080w, https:\/\/www.journalducameroun.com\/wp-content\/uploads\/2022\/04\/Exclusion-de-14-eleves-au-Lycee-bilingue-de-Kribi-300x225.jpeg 300w, https:\/\/www.journalducameroun.com\/wp-content\/uploads\/2022\/04\/Exclusion-de-14-eleves-au-Lycee-bilingue-de-Kribi-1024x767.jpeg 1024w, https:\/\/www.journalducameroun.com\/wp-content\/uploads\/2022\/04\/Exclusion-de-14-eleves-au-Lycee-bilingue-de-Kribi-768x575.jpeg 768w, https:\/\/www.journalducameroun.com\/wp-content\/uploads\/2022\/04\/Exclusion-de-14-eleves-au-Lycee-bilingue-de-Kribi-587x440.jpeg 587w, https:\/\/www.journalducameroun.com\/wp-content\/uploads\/2022\/04\/Exclusion-de-14-eleves-au-Lycee-bilingue-de-Kribi-600x449.jpeg 600w\" sizes=\"auto, (max-width: 1080px) 100vw, 1080px\"><\/p>\n<h2 style=\"text-align: justify;\">Ils ont comparu devant le juge lundi 11 avril 2022 dans le cadre de la premi\u00e8re audience portant sur l\u2019affaire.<\/h2>\n<p style=\"text-align: justify;\">Encore une affaire de jambes en l\u2019air dans cet \u00e9tablissement scolaire du cycle secondaire. <strong>30 \u00e9l\u00e8ves<\/strong> du <strong>lyc\u00e9e bilingue de Kribi<\/strong> dans le d\u00e9partement de l\u2019oc\u00e9an, r\u00e9gion du Sud au Cameroun, ont comparu devant le tribunal lundi 11 avril dernier. Ils sont poursuivis pour \u00abpornographie\u00a0\u00bb et \u00ab\u00a0prox\u00e9n\u00e9tisme\u00a0\u00bb.<\/p>\n<p style=\"text-align: justify;\">Selon le r\u00e9cit de nos confr\u00e8res de Koaci, c\u2019est une \u00e9l\u00e8ve qui d\u00e9pose la premi\u00e8re plainte aupr\u00e8s du surveillant g\u00e9n\u00e9ral de l\u2019\u00e9tablissement. Elle accuse quatre de ses camarades de l\u2019avoir abus\u00e9e sexuellement, apr\u00e8s qu\u2019elle a \u00e9t\u00e9 entra\u00een\u00e9e par camarade pr\u00e9sent\u00e9e comme <strong>prox\u00e9n\u00e8te<\/strong>.<\/p>\n<p style=\"text-align: justify;\">Des enqu\u00eates d\u00e9clench\u00e9es \u00e0 la suite de l\u2019introduction de cette plainte ont permis de d\u00e9manteler un groupe constitu\u00e9 en majorit\u00e9 d\u2019\u00e9l\u00e8ves. La bande aurait pour habitude de tourner les vid\u00e9os des \u00e9bats sexuels et de les revendre sur les r\u00e9seaux sociaux.<\/p>\n<p style=\"text-align: justify;\">C\u2019est au moins la deuxi\u00e8me fois que le lyc\u00e9e bilingue de Kribi est cit\u00e9 dans une affaire de vid\u00e9os \u00e9rotiques impliquant les <strong>\u00e9l\u00e8ves<\/strong>. Le 03 mars 2021, <a href=\"https:\/\/www.journalducameroun.com\/cameroun-14-eleves-renvoyes-du-lycee-de-kribi-apres-tournage-dune-sextape-cameroun\/\">14 \u00e9l\u00e8ves dont 10 filles et quatre gar\u00e7ons ont \u00e9t\u00e9 exclus<\/a> par le conseil de discipline du m\u00eame lyc\u00e9e pour avoir tourn\u00e9 une <strong>vid\u00e9o obsc\u00e8ne<\/strong> au sein de l\u2019\u00e9tablissement pendant une heure creuse.<\/p>\n<p style=\"text-align: justify;\">Le 29 mars 2021, le ministre des Enseignements secondaires (Minesec) Pauline Nalova Lyonga les a tous r\u00e9int\u00e9gr\u00e9s en pr\u00e9cisant qu\u2019ils seront accompagn\u00e9s par des psychologues dans une salle de classe de classe sp\u00e9ciale.<\/p>\n<p>Cet article <a rel=\"nofollow\" href=\"https:\/\/www.journalducameroun.com\/kribi-cameroun-au-moins-30-eleves-traines-en-justice-pour-pornographie\/\">Kribi-Cameroun : au moins 30 \u00e9l\u00e8ves tra\u00een\u00e9s en justice pour pornographie<\/a> est apparu en premier sur <a rel=\"nofollow\" href=\"https:\/\/www.journalducameroun.com\/\">Journal du Cameroun<\/a>.<\/p>\n<\/div>\n<p>Auteur: Arnaud MAWEL<br \/>\n<a href=\"https:\/\/www.journalducameroun.com\/kribi-cameroun-au-moins-30-eleves-traines-en-justice-pour-pornographie\/\">Cliquez ici pour lire l&rsquo;article depuis sa source.<\/a><\/p>\n","protected":false},"excerpt":{"rendered":"<p>Ils ont comparu devant le juge lundi 11 avril 2022 dans le cadre de la premi\u00e8re audience portant sur l\u2019affaire. Encore une affaire de jambes en l\u2019air dans cet \u00e9tablissement scolaire du cycle secondaire. 30 \u00e9l\u00e8ves du lyc\u00e9e bilingue de Kribi dans le d\u00e9partement de l\u2019oc\u00e9an, r\u00e9gion du Sud au Cameroun, ont comparu devant le [&hellip;]<\/p>\n","protected":false},"author":1965,"featured_media":0,"comment_status":"closed","ping_status":"closed","sticky":false,"template":"","format":"standard","meta":{"fifu_image_url":"https:\/\/www.journalducameroun.com\/wp-content\/uploads\/2022\/04\/Exclusion-de-14-eleves-au-Lycee-bilingue-de-Kribi.jpeg","fifu_image_alt":"Kribi-Cameroun : au moins 30 \u00e9l\u00e8ves tra\u00een\u00e9s en justice pour pornographie","footnotes":""},"categories":[73,82],"tags":[],"class_list":["post-145436","post","type-post","status-publish","format-standard","hentry","category-actualite","category-cameroun"],"_links":{"self":[{"href":"https:\/\/linitiative.ca\/International\/wp-json\/wp\/v2\/posts\/145436","targetHints":{"allow":["GET"]}}],"collection":[{"href":"https:\/\/linitiative.ca\/International\/wp-json\/wp\/v2\/posts"}],"about":[{"href":"https:\/\/linitiative.ca\/International\/wp-json\/wp\/v2\/types\/post"}],"author":[{"embeddable":true,"href":"https:\/\/linitiative.ca\/International\/wp-json\/wp\/v2\/users\/1965"}],"replies":[{"embeddable":true,"href":"https:\/\/linitiative.ca\/International\/wp-json\/wp\/v2\/comments?post=145436"}],"version-history":[{"count":0,"href":"https:\/\/linitiative.ca\/International\/wp-json\/wp\/v2\/posts\/145436\/revisions"}],"wp:attachment":[{"href":"https:\/\/linitiative.ca\/International\/wp-json\/wp\/v2\/media?parent=145436"}],"wp:term":[{"taxonomy":"category","embeddable":true,"href":"https:\/\/linitiative.ca\/International\/wp-json\/wp\/v2\/categories?post=145436"},{"taxonomy":"post_tag","embeddable":true,"href":"https:\/\/linitiative.ca\/International\/wp-json\/wp\/v2\/tags?post=145436"}],"curies":[{"name":"wp","href":"https:\/\/api.w.org\/{rel}","templated":true}]}}