{"id":145440,"date":"2022-04-13T16:18:03","date_gmt":"2022-04-13T20:18:03","guid":{"rendered":"https:\/\/linitiative.ca\/International\/dissolution-de-lagence-cote-divoire-pme-officiel\/"},"modified":"2022-04-13T16:18:03","modified_gmt":"2022-04-13T20:18:03","slug":"dissolution-de-lagence-cote-divoire-pme-officiel","status":"publish","type":"post","link":"https:\/\/linitiative.ca\/International\/dissolution-de-lagence-cote-divoire-pme-officiel\/","title":{"rendered":"Dissolution de l\u2019Agence C\u00f4te d\u2019Ivoire PME (officiel)"},"content":{"rendered":"<div>\n<p><img decoding=\"async\" width=\"720\" height=\"480\" src=\"https:\/\/linitiative.ca\/International\/wp-content\/uploads\/sites\/23\/2022\/04\/16498810832258.jpg\" class=\"attachment-post-thumbnail size-post-thumbnail wp-post-image\" alt=\"\" loading=\"lazy\" srcset=\"https:\/\/linitiative.ca\/International\/wp-content\/uploads\/sites\/23\/2022\/04\/16498810832258.jpg 720w, https:\/\/www.journalducameroun.com\/wp-content\/uploads\/2022\/04\/16498810832258-300x200.jpg 300w, https:\/\/www.journalducameroun.com\/wp-content\/uploads\/2022\/04\/16498810832258-660x440.jpg 660w, https:\/\/www.journalducameroun.com\/wp-content\/uploads\/2022\/04\/16498810832258-600x400.jpg 600w\" sizes=\"auto, (max-width: 720px) 100vw, 720px\"><\/p>\n<p>Le porte-parole du gouvernement, Amadou Coulibaly, a annonc\u00e9 ce mercredi la cr\u00e9ation d&rsquo;une nouvelle entit\u00e9 d\u00e9nomm\u00e9e C\u00f4te d&rsquo;Ivoire PME.Le Conseil des ministres a adopt\u00e9 un d\u00e9cret portant cr\u00e9ation de la soci\u00e9t\u00e9 d&rsquo;Etat C\u00f4te d&rsquo;Ivoire PME (CI-PME) et un d\u00e9cret portant dissolution de l&rsquo;Agence C\u00f4te d&rsquo;Ivoire, a rapport\u00e9 Amadou Coulibaly, par ailleurs ministre de la Communication, des M\u00e9dias et de la Francophonie.<\/p>\n<p>Dans sa communication, il a pr\u00e9cis\u00e9 que la mission de C\u00f4te d&rsquo;Ivoire PME consiste \u00e0 r\u00e9aliser directement ou indirectement, pour le compte de l&rsquo;Etat, la promotion des Petites et Moyennes Entreprises et de contribuer \u00e0 la mise en oeuvre op\u00e9rationnelle de leur strat\u00e9gie de d\u00e9veloppement.<\/p>\n<p>C\u00f4te d&rsquo;Ivoire PME est, en outre, charg\u00e9e de favoriser la cr\u00e9ation de ce type de soci\u00e9t\u00e9s et d&rsquo;am\u00e9liorer leur acc\u00e8s aux financements et aux march\u00e9s, a fait savoir le porte-parole du gouvernement ivoirien. Pour promouvoir le d\u00e9veloppement des PME en C\u00f4te d&rsquo;Ivoire, le Conseil des ministres a aussi ent\u00e9rin\u00e9 la mise sur pied de la Soci\u00e9t\u00e9 de Garantie et de cr\u00e9dits des PME (SGPME).<\/p>\n<p>Seules les entreprises dont le capital est d\u00e9tenu en concurrence de plus de 50 % par des nationaux ivoiriens sont \u00e9ligibles \u00e0 la garantie, a soutenu M. Coulibaly.<\/p>\n<p>Cet article <a rel=\"nofollow\" href=\"https:\/\/www.journalducameroun.com\/dissolution-de-lagence-cote-divoire-pme-officiel\/\">Dissolution de l\u2019Agence C\u00f4te d\u2019Ivoire PME (officiel)<\/a> est apparu en premier sur <a rel=\"nofollow\" href=\"https:\/\/www.journalducameroun.com\/\">Journal du Cameroun<\/a>.<\/p>\n<\/div>\n<p>Auteur: APA News<br \/>\n<a href=\"https:\/\/www.journalducameroun.com\/dissolution-de-lagence-cote-divoire-pme-officiel\/\">Cliquez ici pour lire l&rsquo;article depuis sa source.<\/a><\/p>\n","protected":false},"excerpt":{"rendered":"<p>Le porte-parole du gouvernement, Amadou Coulibaly, a annonc\u00e9 ce mercredi la cr\u00e9ation d&rsquo;une nouvelle entit\u00e9 d\u00e9nomm\u00e9e C\u00f4te d&rsquo;Ivoire PME.Le Conseil des ministres a adopt\u00e9 un d\u00e9cret portant cr\u00e9ation de la soci\u00e9t\u00e9 d&rsquo;Etat C\u00f4te d&rsquo;Ivoire PME (CI-PME) et un d\u00e9cret portant dissolution de l&rsquo;Agence C\u00f4te d&rsquo;Ivoire, a rapport\u00e9 Amadou Coulibaly, par ailleurs ministre de la Communication, [&hellip;]<\/p>\n","protected":false},"author":1965,"featured_media":0,"comment_status":"closed","ping_status":"closed","sticky":false,"template":"","format":"standard","meta":{"fifu_image_url":"https:\/\/www.journalducameroun.com\/wp-content\/uploads\/2022\/04\/16498810832258.jpg","fifu_image_alt":"Dissolution de l\u2019Agence C\u00f4te d\u2019Ivoire PME (officiel)","footnotes":""},"categories":[73,82],"tags":[],"class_list":["post-145440","post","type-post","status-publish","format-standard","hentry","category-actualite","category-cameroun"],"_links":{"self":[{"href":"https:\/\/linitiative.ca\/International\/wp-json\/wp\/v2\/posts\/145440","targetHints":{"allow":["GET"]}}],"collection":[{"href":"https:\/\/linitiative.ca\/International\/wp-json\/wp\/v2\/posts"}],"about":[{"href":"https:\/\/linitiative.ca\/International\/wp-json\/wp\/v2\/types\/post"}],"author":[{"embeddable":true,"href":"https:\/\/linitiative.ca\/International\/wp-json\/wp\/v2\/users\/1965"}],"replies":[{"embeddable":true,"href":"https:\/\/linitiative.ca\/International\/wp-json\/wp\/v2\/comments?post=145440"}],"version-history":[{"count":0,"href":"https:\/\/linitiative.ca\/International\/wp-json\/wp\/v2\/posts\/145440\/revisions"}],"wp:attachment":[{"href":"https:\/\/linitiative.ca\/International\/wp-json\/wp\/v2\/media?parent=145440"}],"wp:term":[{"taxonomy":"category","embeddable":true,"href":"https:\/\/linitiative.ca\/International\/wp-json\/wp\/v2\/categories?post=145440"},{"taxonomy":"post_tag","embeddable":true,"href":"https:\/\/linitiative.ca\/International\/wp-json\/wp\/v2\/tags?post=145440"}],"curies":[{"name":"wp","href":"https:\/\/api.w.org\/{rel}","templated":true}]}}