{"id":145443,"date":"2022-04-13T09:57:36","date_gmt":"2022-04-13T13:57:36","guid":{"rendered":"https:\/\/linitiative.ca\/International\/barrage-de-memveele-les-indemnisations-relatives-a-la-ligne-de-transport-sont-disponibles\/"},"modified":"2022-04-13T09:57:36","modified_gmt":"2022-04-13T13:57:36","slug":"barrage-de-memveele-les-indemnisations-relatives-a-la-ligne-de-transport-sont-disponibles","status":"publish","type":"post","link":"https:\/\/linitiative.ca\/International\/barrage-de-memveele-les-indemnisations-relatives-a-la-ligne-de-transport-sont-disponibles\/","title":{"rendered":"Barrage de Memve\u2019ele : les indemnisations relatives \u00e0 la ligne de transport sont disponibles"},"content":{"rendered":"<div>\n<p>Electricity Development Corporation (EDC), l\u2019entreprise de patrimoine dont le r\u00f4le est de construire et g\u00e9rer les ouvrages de production de l\u2019\u00e9lectricit\u00e9, est engag\u00e9e dans une course contre la montre apr\u00e8s avoir pris l\u2019engagement de mettre en service, fin mai prochain, le barrage hydro\u00e9lectrique de Memve\u2019ele (Sud). Les 211 Mw d\u2019\u00e9lectricit\u00e9 de cet ouvrage devraient donc \u00eatre \u00e9vacu\u00e9s vers Yaound\u00e9 dans au plus un mois et demi, ce qui permettra de retrouver un minimum d\u2019\u00e9quilibre sur le r\u00e9seau interconnect\u00e9 Sud (Ris), qui connait un pic de d\u00e9lestages depuis fin janvier. Mais, avant, le ma\u00eetre d\u2019\u0153uvre devra achever les travaux de la ligne d\u2019\u00e9vacuation HD de 225 KV entre Nyabizan o\u00f9 se dresse l\u2019am\u00e9nagement hydro\u00e9lectrique et Yaound\u00e9. Bloqu\u00e9 depuis le 11 janvier dernier, le chantier a connu un ralentissement li\u00e9 \u00e0 la question des indemnisations. Les populations affect\u00e9es par le projet sur la section Mefou et Afamba (r\u00e9gion du Centre) s\u2019\u00e9taient oppos\u00e9s \u00e0 la poursuite des travaux de d\u00e9roulage du c\u00e2ble et de construction des deux derniers pyl\u00f4nes restantes sur un lin\u00e9aire de 300 kilom\u00e8tres, tant que leurs indemnisations ne sont pas enti\u00e8rement pay\u00e9es.<\/p>\n<p><strong>Lire aussi <\/strong>: <strong><a href=\"https:\/\/ecomatin.net\/vers-la-construction-dun-barrage-reservoir-sur-le-fleuve-ntem\/\" target=\"_blank\" rel=\"noreferrer noopener\">Vers la construction d\u2019un barrage r\u00e9servoir sur le fleuve Ntem<\/a><\/strong><\/p>\n<p>De sources internes \u00e0 EDC, le retard accus\u00e9 dans le paiement de cet argent \u00e9tait li\u00e9 \u00e0 deux facteurs : la disparition dans les services du Premier ministre du d\u00e9cret d\u2019indemnisation pourtant vis\u00e9 et transmis par la pr\u00e9sidence de la R\u00e9publique depuis 2018, et l\u2019indisponibilit\u00e9 des fonds. Le document a finalement \u00e9t\u00e9 retrouv\u00e9 et transmis \u00e0 EDC, qui assure que la totalit\u00e9 de l\u2019enveloppe \u00e0 d\u00e9caisser au profit des populations affect\u00e9es par le projet dans les d\u00e9partements de la Vall\u00e9e du Ntem et de la Mvila (pour la r\u00e9gion du Sud), de la Mefou et Akono, de la Mefou et Afamba et du Mfoundi (zone p\u00e9riurbaine) pour ce qui est de la r\u00e9gion du Centre, est d\u2019ores- et-d\u00e9j\u00e0 disponible. Elle s\u2019\u00e9l\u00e8ve \u00e0 environ 3 milliards de Fcfa. De sources proches du dossier, l\u2019\u00e9tablissement des ch\u00e8ques avec tout ce que cela implique en termes de v\u00e9rifications de conformit\u00e9 au d\u00e9cret d\u2019indemnisation est cours, et la phase op\u00e9rationnelle des indemnisations devrait d\u00e9marrer le 20 avril prochain sauf changement de derni\u00e8re minute.<\/p>\n<p><strong>Lire aussi<\/strong> : <strong><a href=\"https:\/\/ecomatin.net\/fourniture-electrique-la-ligne-de-transport-denergie-de-memveele-accuse-un-retard-de-livraison\/\" target=\"_blank\" rel=\"noreferrer noopener\">Fourniture \u00e9lectrique : la ligne de transport d\u2019\u00e9nergie de Memve\u2019ele accuse un retard de livraison<\/a><\/strong><\/p>\n<p>D\u2019une capacit\u00e9 install\u00e9e de 211 MW, le barrage hydro\u00e9lectrique de Memve\u2019ele \u00e9vacue depuis \u00e0 peine 60 MW vers Yaound\u00e9 depuis 2017, via une ligne provisoire de 90 KV. Cette capacit\u00e9 a \u00e9t\u00e9 relev\u00e9e \u00e0 90 MW depuis l\u2019arriv\u00e9e de EDC en mai 2020, mais les probl\u00e8mes d\u2019hydrologie ont provoqu\u00e9 une baisse de la production de cet ouvrage ces derniers mois. Pour m\u00e9moire, lanc\u00e9 en 2012, le barrage hydro\u00e9lectrique de Memve\u2019ele dont les travaux sont achev\u00e9s depuis 2017 a co\u00fbt\u00e9 pr\u00e8s de 450 milliards Fcfa.<\/p>\n<p><strong>Lire aussi <\/strong>: <strong><a href=\"https:\/\/ecomatin.net\/energie-electrique-le-plaidoyer-du-minee-devantt-le-secteurr-prive\/\" target=\"_blank\" rel=\"noreferrer noopener\">Energie \u00e9lectrique : le plaidoyer du Minee devant le secteur priv\u00e9<\/a><\/strong><\/p>\n<p>L\u2019article <a rel=\"nofollow\" href=\"https:\/\/ecomatin.net\/barrage-de-memveele-les-indemnisations-relatives-a-la-ligne-de-transport-sont-disponibles\/\">Barrage de Memve\u2019ele : les indemnisations relatives \u00e0 la ligne de transport sont disponibles<\/a> est apparu en premier sur <a rel=\"nofollow\" href=\"https:\/\/ecomatin.net\/\">EcoMatin<\/a>.<\/p>\n<\/div>\n<p>Auteur: EcoMatin<br \/>\n<a href=\"https:\/\/ecomatin.net\/barrage-de-memveele-les-indemnisations-relatives-a-la-ligne-de-transport-sont-disponibles\/\">Cliquez ici pour lire l&rsquo;article depuis sa source.<\/a><\/p>\n","protected":false},"excerpt":{"rendered":"<p>Electricity Development Corporation (EDC), l\u2019entreprise de patrimoine dont le r\u00f4le est de construire et g\u00e9rer les ouvrages de production de l\u2019\u00e9lectricit\u00e9, est engag\u00e9e dans une course contre la montre apr\u00e8s avoir pris l\u2019engagement de mettre en service, fin mai prochain, le barrage hydro\u00e9lectrique de Memve\u2019ele (Sud). Les 211 Mw d\u2019\u00e9lectricit\u00e9 de cet ouvrage devraient donc [&hellip;]<\/p>\n","protected":false},"author":1969,"featured_media":0,"comment_status":"closed","ping_status":"closed","sticky":false,"template":"","format":"standard","meta":{"fifu_image_url":"","fifu_image_alt":"","footnotes":""},"categories":[82,78],"tags":[],"class_list":["post-145443","post","type-post","status-publish","format-standard","hentry","category-cameroun","category-economie"],"_links":{"self":[{"href":"https:\/\/linitiative.ca\/International\/wp-json\/wp\/v2\/posts\/145443","targetHints":{"allow":["GET"]}}],"collection":[{"href":"https:\/\/linitiative.ca\/International\/wp-json\/wp\/v2\/posts"}],"about":[{"href":"https:\/\/linitiative.ca\/International\/wp-json\/wp\/v2\/types\/post"}],"author":[{"embeddable":true,"href":"https:\/\/linitiative.ca\/International\/wp-json\/wp\/v2\/users\/1969"}],"replies":[{"embeddable":true,"href":"https:\/\/linitiative.ca\/International\/wp-json\/wp\/v2\/comments?post=145443"}],"version-history":[{"count":0,"href":"https:\/\/linitiative.ca\/International\/wp-json\/wp\/v2\/posts\/145443\/revisions"}],"wp:attachment":[{"href":"https:\/\/linitiative.ca\/International\/wp-json\/wp\/v2\/media?parent=145443"}],"wp:term":[{"taxonomy":"category","embeddable":true,"href":"https:\/\/linitiative.ca\/International\/wp-json\/wp\/v2\/categories?post=145443"},{"taxonomy":"post_tag","embeddable":true,"href":"https:\/\/linitiative.ca\/International\/wp-json\/wp\/v2\/tags?post=145443"}],"curies":[{"name":"wp","href":"https:\/\/api.w.org\/{rel}","templated":true}]}}